{"id":982,"date":"2016-02-29T09:52:49","date_gmt":"2016-02-29T09:52:49","guid":{"rendered":"http:\/\/www.ipcszeged.hu\/?p=982"},"modified":"2016-02-29T09:54:23","modified_gmt":"2016-02-29T09:54:23","slug":"ne-felj-ne-aggodj","status":"publish","type":"post","link":"https:\/\/ipcszeged.hu\/index.php\/2016\/02\/29\/ne-felj-ne-aggodj\/","title":{"rendered":"&#8220;Ne f\u00e9lj, ne agg\u00f3dj&#8230;&#8221;"},"content":{"rendered":"<p style=\"text-align: center;\">Taiz\u00e9i ima\u00f3r\u00e1t \u00e9s b\u0171nb\u00e1nati liturgi\u00e1t tartottak Zsomb\u00f3n febru\u00e1r 27-\u00e9n szombaton d\u00e9lut\u00e1n. Az ima\u00f3ra ut\u00e1n egy nagyb\u00f6jti agap\u00e9ra invit\u00e1lt\u00e1k a fiatalokat a h\u00e1zigazd\u00e1k. A programon 50 fiatal vett r\u00e9szt. A d\u00e9lut\u00e1n szervez\u00e9s\u00e9rt k\u00f6sz\u00f6net <strong><em>Baloghn\u00e9 Z\u00e1dori Tamar\u00e1nak, B\u00e1lint M\u00f3nik\u00e1nak,\u00a0G\u00e1bor Tam\u00e1snak, \u00a0Janes Zolt\u00e1n aty\u00e1nak, Zmijan Adalbert aty\u00e1nak \u00e9s a szegedi egyetemist\u00e1knak.<\/em><\/strong><\/p>\n<p style=\"text-align: center;\"><strong><em><a href=\"http:\/\/www.ipcszeged.hu\/wp-content\/uploads\/2016\/02\/DSCF4662.jpg\"><img loading=\"lazy\" decoding=\"async\" class=\"alignnone wp-image-991 size-medium\" src=\"http:\/\/www.ipcszeged.hu\/wp-content\/uploads\/2016\/02\/DSCF4681-300x225.jpg\" alt=\"DSCF4681\" width=\"300\" height=\"225\" srcset=\"https:\/\/ipcszeged.hu\/wp-content\/uploads\/2016\/02\/DSCF4681-300x225.jpg 300w, https:\/\/ipcszeged.hu\/wp-content\/uploads\/2016\/02\/DSCF4681-150x113.jpg 150w, https:\/\/ipcszeged.hu\/wp-content\/uploads\/2016\/02\/DSCF4681-945x709.jpg 945w, https:\/\/ipcszeged.hu\/wp-content\/uploads\/2016\/02\/DSCF4681-600x450.jpg 600w\" sizes=\"auto, (max-width: 300px) 100vw, 300px\" \/><img loading=\"lazy\" decoding=\"async\" class=\"alignnone wp-image-985 size-medium\" src=\"http:\/\/www.ipcszeged.hu\/wp-content\/uploads\/2016\/02\/DSCF4662-300x225.jpg\" alt=\"DSCF4662\" width=\"300\" height=\"225\" srcset=\"https:\/\/ipcszeged.hu\/wp-content\/uploads\/2016\/02\/DSCF4662-300x225.jpg 300w, https:\/\/ipcszeged.hu\/wp-content\/uploads\/2016\/02\/DSCF4662-150x113.jpg 150w, https:\/\/ipcszeged.hu\/wp-content\/uploads\/2016\/02\/DSCF4662-945x709.jpg 945w, https:\/\/ipcszeged.hu\/wp-content\/uploads\/2016\/02\/DSCF4662-600x450.jpg 600w\" sizes=\"auto, (max-width: 300px) 100vw, 300px\" \/><\/a> <a href=\"http:\/\/www.ipcszeged.hu\/wp-content\/uploads\/2016\/02\/DSCF4666.jpg\"><img loading=\"lazy\" decoding=\"async\" class=\"alignnone wp-image-986 size-medium\" src=\"http:\/\/www.ipcszeged.hu\/wp-content\/uploads\/2016\/02\/DSCF4666-300x225.jpg\" alt=\"DSCF4666\" width=\"300\" height=\"225\" srcset=\"https:\/\/ipcszeged.hu\/wp-content\/uploads\/2016\/02\/DSCF4666-300x225.jpg 300w, https:\/\/ipcszeged.hu\/wp-content\/uploads\/2016\/02\/DSCF4666-150x113.jpg 150w, https:\/\/ipcszeged.hu\/wp-content\/uploads\/2016\/02\/DSCF4666-945x709.jpg 945w, https:\/\/ipcszeged.hu\/wp-content\/uploads\/2016\/02\/DSCF4666-600x450.jpg 600w\" sizes=\"auto, (max-width: 300px) 100vw, 300px\" \/><img loading=\"lazy\" decoding=\"async\" class=\"alignnone wp-image-984 size-medium\" src=\"http:\/\/www.ipcszeged.hu\/wp-content\/uploads\/2016\/02\/DSCF4657-300x225.jpg\" alt=\"DSCF4657\" width=\"300\" height=\"225\" srcset=\"https:\/\/ipcszeged.hu\/wp-content\/uploads\/2016\/02\/DSCF4657-300x225.jpg 300w, https:\/\/ipcszeged.hu\/wp-content\/uploads\/2016\/02\/DSCF4657-150x113.jpg 150w, https:\/\/ipcszeged.hu\/wp-content\/uploads\/2016\/02\/DSCF4657-945x709.jpg 945w, https:\/\/ipcszeged.hu\/wp-content\/uploads\/2016\/02\/DSCF4657-600x450.jpg 600w\" sizes=\"auto, (max-width: 300px) 100vw, 300px\" \/><\/a> <a href=\"http:\/\/www.ipcszeged.hu\/wp-content\/uploads\/2016\/02\/DSCF4667.jpg\"><img loading=\"lazy\" decoding=\"async\" class=\"alignnone wp-image-987 size-medium\" src=\"http:\/\/www.ipcszeged.hu\/wp-content\/uploads\/2016\/02\/DSCF4667-300x225.jpg\" alt=\"DSCF4667\" width=\"300\" height=\"225\" srcset=\"https:\/\/ipcszeged.hu\/wp-content\/uploads\/2016\/02\/DSCF4667-300x225.jpg 300w, https:\/\/ipcszeged.hu\/wp-content\/uploads\/2016\/02\/DSCF4667-150x113.jpg 150w, https:\/\/ipcszeged.hu\/wp-content\/uploads\/2016\/02\/DSCF4667-945x709.jpg 945w, https:\/\/ipcszeged.hu\/wp-content\/uploads\/2016\/02\/DSCF4667-600x450.jpg 600w\" sizes=\"auto, (max-width: 300px) 100vw, 300px\" \/><\/a> <a href=\"http:\/\/www.ipcszeged.hu\/wp-content\/uploads\/2016\/02\/DSCF4671.jpg\"><img loading=\"lazy\" decoding=\"async\" class=\"alignnone wp-image-988 size-medium\" src=\"http:\/\/www.ipcszeged.hu\/wp-content\/uploads\/2016\/02\/DSCF4671-300x225.jpg\" alt=\"DSCF4671\" width=\"300\" height=\"225\" srcset=\"https:\/\/ipcszeged.hu\/wp-content\/uploads\/2016\/02\/DSCF4671-300x225.jpg 300w, https:\/\/ipcszeged.hu\/wp-content\/uploads\/2016\/02\/DSCF4671-150x113.jpg 150w, https:\/\/ipcszeged.hu\/wp-content\/uploads\/2016\/02\/DSCF4671-945x709.jpg 945w, https:\/\/ipcszeged.hu\/wp-content\/uploads\/2016\/02\/DSCF4671-600x450.jpg 600w\" sizes=\"auto, (max-width: 300px) 100vw, 300px\" \/><\/a> <a href=\"http:\/\/www.ipcszeged.hu\/wp-content\/uploads\/2016\/02\/DSCF4676.jpg\"><img loading=\"lazy\" decoding=\"async\" class=\"alignnone wp-image-989 size-medium\" src=\"http:\/\/www.ipcszeged.hu\/wp-content\/uploads\/2016\/02\/DSCF4676-300x225.jpg\" alt=\"DSCF4676\" width=\"300\" height=\"225\" srcset=\"https:\/\/ipcszeged.hu\/wp-content\/uploads\/2016\/02\/DSCF4676-300x225.jpg 300w, https:\/\/ipcszeged.hu\/wp-content\/uploads\/2016\/02\/DSCF4676-150x113.jpg 150w, https:\/\/ipcszeged.hu\/wp-content\/uploads\/2016\/02\/DSCF4676-945x709.jpg 945w, https:\/\/ipcszeged.hu\/wp-content\/uploads\/2016\/02\/DSCF4676-600x450.jpg 600w\" sizes=\"auto, (max-width: 300px) 100vw, 300px\" \/><\/a> <a href=\"http:\/\/www.ipcszeged.hu\/wp-content\/uploads\/2016\/02\/DSCF4680.jpg\"><img loading=\"lazy\" decoding=\"async\" class=\"alignnone wp-image-990 size-medium\" src=\"http:\/\/www.ipcszeged.hu\/wp-content\/uploads\/2016\/02\/DSCF4680-300x225.jpg\" alt=\"DSCF4680\" width=\"300\" height=\"225\" srcset=\"https:\/\/ipcszeged.hu\/wp-content\/uploads\/2016\/02\/DSCF4680-300x225.jpg 300w, https:\/\/ipcszeged.hu\/wp-content\/uploads\/2016\/02\/DSCF4680-150x113.jpg 150w, https:\/\/ipcszeged.hu\/wp-content\/uploads\/2016\/02\/DSCF4680-945x709.jpg 945w, https:\/\/ipcszeged.hu\/wp-content\/uploads\/2016\/02\/DSCF4680-600x450.jpg 600w\" sizes=\"auto, (max-width: 300px) 100vw, 300px\" \/><\/a>\u00a0<\/em><\/strong><\/p>\n ","protected":false},"excerpt":{"rendered":"<p>Taiz\u00e9i ima\u00f3r\u00e1t \u00e9s b\u0171nb\u00e1nati liturgi\u00e1t tartottak Zsomb\u00f3n febru\u00e1r 27-\u00e9n szombaton d\u00e9lut\u00e1n. Az ima\u00f3ra ut\u00e1n egy nagyb\u00f6jti agap\u00e9ra invit\u00e1lt\u00e1k a fiatalokat a h\u00e1zigazd\u00e1k. A programon 50 fiatal vett r\u00e9szt. A d\u00e9lut\u00e1n szervez\u00e9s\u00e9rt k\u00f6sz\u00f6net Baloghn\u00e9 Z\u00e1dori Tamar\u00e1nak, B\u00e1lint M\u00f3nik\u00e1nak,\u00a0G\u00e1bor Tam\u00e1snak, \u00a0Janes Zolt\u00e1n aty\u00e1nak, Zmijan Adalbert aty\u00e1nak \u00e9s a szegedi egyetemist\u00e1knak. \u00a0<\/p>\n","protected":false},"author":1,"featured_media":983,"comment_status":"open","ping_status":"open","sticky":false,"template":"","format":"standard","meta":{"ngg_post_thumbnail":0,"footnotes":""},"categories":[1],"tags":[],"class_list":["post-982","post","type-post","status-publish","format-standard","has-post-thumbnail","hentry","category-egyeb"],"_links":{"self":[{"href":"https:\/\/ipcszeged.hu\/index.php\/wp-json\/wp\/v2\/posts\/982","targetHints":{"allow":["GET"]}}],"collection":[{"href":"https:\/\/ipcszeged.hu\/index.php\/wp-json\/wp\/v2\/posts"}],"about":[{"href":"https:\/\/ipcszeged.hu\/index.php\/wp-json\/wp\/v2\/types\/post"}],"author":[{"embeddable":true,"href":"https:\/\/ipcszeged.hu\/index.php\/wp-json\/wp\/v2\/users\/1"}],"replies":[{"embeddable":true,"href":"https:\/\/ipcszeged.hu\/index.php\/wp-json\/wp\/v2\/comments?post=982"}],"version-history":[{"count":2,"href":"https:\/\/ipcszeged.hu\/index.php\/wp-json\/wp\/v2\/posts\/982\/revisions"}],"predecessor-version":[{"id":993,"href":"https:\/\/ipcszeged.hu\/index.php\/wp-json\/wp\/v2\/posts\/982\/revisions\/993"}],"wp:featuredmedia":[{"embeddable":true,"href":"https:\/\/ipcszeged.hu\/index.php\/wp-json\/wp\/v2\/media\/983"}],"wp:attachment":[{"href":"https:\/\/ipcszeged.hu\/index.php\/wp-json\/wp\/v2\/media?parent=982"}],"wp:term":[{"taxonomy":"category","embeddable":true,"href":"https:\/\/ipcszeged.hu\/index.php\/wp-json\/wp\/v2\/categories?post=982"},{"taxonomy":"post_tag","embeddable":true,"href":"https:\/\/ipcszeged.hu\/index.php\/wp-json\/wp\/v2\/tags?post=982"}],"curies":[{"name":"wp","href":"https:\/\/api.w.org\/{rel}","templated":true}]}}