{"id":9452,"date":"2018-06-08T09:59:58","date_gmt":"2018-06-08T09:59:58","guid":{"rendered":"http:\/\/www.ipcszeged.hu\/?p=9452"},"modified":"2018-06-08T09:59:58","modified_gmt":"2018-06-08T09:59:58","slug":"te-is-keresed-a-csapatot-akikkel-taize-be-mennel","status":"publish","type":"post","link":"https:\/\/ipcszeged.hu\/index.php\/2018\/06\/08\/te-is-keresed-a-csapatot-akikkel-taize-be-mennel\/","title":{"rendered":"TE is keresed a csapatot, akikkel Taize-be menn\u00e9l?!&#8230;"},"content":{"rendered":"<p>\u0150k nagy szeretettel v\u00e1rnak t\u00e9ged&#8230;..<\/p>\n<div class=\"gmail_default\">\n<div class=\"gmail_default\"><span style=\"color: #000000;\"><b>Taiz\u00e9ben&nbsp;<\/b>1986-ban j\u00e1rtam ott el\u0151sz\u00f6r (haz\u00e1nkb\u00f3l aut\u00f3stoppal, egyed\u00fcl), \u00e9s azt k\u00f6vet\u0151en kezdtem a teol\u00f3giai tanulm\u00e1nyaimat. Ottani \u00e9lm\u00e9nyeim meghat\u00e1rozz\u00e1k \u00f6kumenikus elk\u00f6telezetts\u00e9gemet. Az\u00f3ta sokaknak szeretn\u00e9m megmutatni ezt az \u00e9l\u0151 &#8220;csod\u00e1t&#8221;. Eg\u00e9szs\u00e9ges, fiatalos vall\u00e1sos \u00e9let &#8211; engem is \u00e9ltet. Ez a&nbsp;<a href=\"https:\/\/maps.google.com\/?q=11+napos+%C3%BAt&amp;entry=gmail&amp;source=g\">11 napos \u00fat<\/a>&nbsp;sz\u00e1momra minden \u00e9vben fel\u00fcd\u00fcl\u00e9s.<\/span><\/div>\n<\/div>\n<div class=\"gmail_default\">\n<div class=\"gmail_default\"><span style=\"color: #000000;\">Id\u00e9n<b>&nbsp;j\u00falius 6-\u00e1n, p\u00e9ntek reggel aut\u00f3busszal indulunk Bp-r\u0151l<\/b>. Oda\u00faton sz\u00e1ll\u00e1sunk Bajororsz\u00e1gban, Irsee melletti kolostorban lesz 2 \u00e9jszak\u00e1ra, hogy a szombati napot kir\u00e1ndul\u00e1ssal \u00e9s az alkalmi csoport egym\u00e1ssal val\u00f3 bar\u00e1tkoz\u00e1s\u00e1val t\u00f6lthess\u00fck.&nbsp;<\/span><\/div>\n<\/div>\n<div class=\"gmail_default\">\n<div class=\"gmail_default\"><span style=\"color: #000000;\">Vas\u00e1rnapt\u00f3l vas\u00e1rnapig tart az egyhetes ifj\u00fas\u00e1gi tal\u00e1lkoz\u00f3 a burgundiai Taiz\u00e9ben (\u00c9rdemes felkeresni a&nbsp;<a href=\"http:\/\/www.taize.fr\/\" target=\"_blank\" rel=\"noopener\" data-saferedirecturl=\"https:\/\/www.google.com\/url?hl=hu&amp;q=http:\/\/www.taize.fr\/&amp;source=gmail&amp;ust=1528535056801000&amp;usg=AFQjCNEMyTSv9-uW8XWB35qDcz8G0YNoRw\">www.taize.fr<\/a>&nbsp;honlapot, amely magyarul is sok inform\u00e1ci\u00f3t tartalmaz az ottani \u00e9letr\u0151l).&nbsp;<\/span><\/div>\n<\/div>\n<div class=\"gmail_default\">\n<div class=\"gmail_default\"><span style=\"color: #000000;\"><b>Taiz\u00e9ben mindenki koroszt\u00e1ly\u00e1nak, nyelvtud\u00e1s\u00e1nak \u00e9s \u00e9rdekl\u0151d\u00e9s\u00e9nek megfelel\u0151en csoportokba ker\u00fcl. Soha nem panaszkodtak, hogy unatkozn\u00e1nak, mint ink\u00e1bb, hogy elr\u00f6p\u00fclt az id\u0151, \u00e9s bar\u00e1ts\u00e1gokat k\u00f6t\u00f6ttek m\u00e1s kereszt\u00e9ny fiatalokkal, akikkel azut\u00e1n leveleznek, stb.<\/b><\/span><\/div>\n<\/div>\n<div class=\"gmail_default\">\n<div class=\"gmail_default\">\u00c9n mindv\u00e9gig vel\u00fck, k\u00f6zel\u00fckben vagyok, \u00e9s v\u00e9g\u00fcl&nbsp;<b>j\u00fali 16-\u00e1n, h\u00e9tf\u0151n d\u00e9lben \u00e9rkez\u00fcnk vissza<\/b>&nbsp;Bp-re.<\/div>\n<\/div>\n<div class=\"gmail_default\">\n<div class=\"gmail_default\">\n<div class=\"gmail_default\">\n<div class=\"gmail_default\"><span style=\"color: #000000;\">A r\u00e9szv\u00e9teli k\u00f6lts\u00e9geket \u00fagy hat\u00e1roztam meg, hogy seg\u00edtsem a fiatalabbakat, akik m\u00e9g teljesen a sz\u00fcleik p\u00e9nzt\u00e1rc\u00e1j\u00e1ra szorulnak, \u00e1m t\u00f6bbet fizetnek az id\u0151sebbek (teh\u00e1t&nbsp;<i>a 15-20 \u00e9vesekt\u0151l mind\u00f6ssze 65ezret k\u00e9rek, a 20-25 \u00e9vesekt\u0151l 70ezret, a 25-30 \u00e9vesekt\u0151l 75ezret, a 30+ koroszt\u00e1lyt\u00f3l 80ezret<\/i>, ami&nbsp;<b>fedezi az utaz\u00e1st, sz\u00e1ll\u00e1st, ell\u00e1t\u00e1st<\/b>.<\/span><\/div>\n<\/div>\n<p>\u00d6r\u00fcln\u00e9k, ha az \u00e9rdekl\u0151d\u0151k maguk \u00edrn\u00e1nak nekem (<a href=\"mailto:attila.thorday@gmail.com\" target=\"_blank\" rel=\"noopener\">attila.thorday@gmail.com<\/a>).<\/div>\n<div>&nbsp;<\/div>\n<h3 class=\"gmail_default\"><span style=\"color: #ff0000;\">A kit\u00f6ltend\u0151 jelentkez\u00e9si \u0171rlap&nbsp;<a style=\"color: #ff0000;\" href=\"https:\/\/goo.gl\/forms\/rwpRwiw680t3z7Is2\" target=\"_blank\" rel=\"noopener\" data-saferedirecturl=\"https:\/\/www.google.com\/url?hl=hu&amp;q=https:\/\/goo.gl\/forms\/rwpRwiw680t3z7Is2&amp;source=gmail&amp;ust=1528535056801000&amp;usg=AFQjCNGRtZo8mhTWZLfOn8oq80eewVgsrA\">https:\/\/goo.gl\/forms\/rwp<wbr>Rwiw680t3z7Is2<\/a>&nbsp;.&nbsp;<\/span><\/h3>\n<\/div>\n ","protected":false},"excerpt":{"rendered":"<p>\u0150k nagy szeretettel v\u00e1rnak t\u00e9ged&#8230;.. Taiz\u00e9ben&nbsp;1986-ban j\u00e1rtam ott el\u0151sz\u00f6r (haz\u00e1nkb\u00f3l aut\u00f3stoppal, egyed\u00fcl), \u00e9s azt k\u00f6vet\u0151en kezdtem a teol\u00f3giai tanulm\u00e1nyaimat. Ottani \u00e9lm\u00e9nyeim meghat\u00e1rozz\u00e1k \u00f6kumenikus elk\u00f6telezetts\u00e9gemet. Az\u00f3ta sokaknak szeretn\u00e9m megmutatni ezt az \u00e9l\u0151 &#8220;csod\u00e1t&#8221;. Eg\u00e9szs\u00e9ges, fiatalos vall\u00e1sos \u00e9let &#8211; engem is \u00e9ltet. Ez a&nbsp;11 napos \u00fat&nbsp;sz\u00e1momra minden \u00e9vben fel\u00fcd\u00fcl\u00e9s. Id\u00e9n&nbsp;j\u00falius 6-\u00e1n, p\u00e9ntek reggel aut\u00f3busszal indulunk Bp-r\u0151l. Oda\u00faton&hellip; <br \/> <a class=\"read-more\" href=\"https:\/\/ipcszeged.hu\/index.php\/2018\/06\/08\/te-is-keresed-a-csapatot-akikkel-taize-be-mennel\/\">Read more<\/a><\/p>\n","protected":false},"author":1,"featured_media":9453,"comment_status":"closed","ping_status":"open","sticky":false,"template":"","format":"standard","meta":{"ngg_post_thumbnail":0,"footnotes":""},"categories":[1],"tags":[],"class_list":["post-9452","post","type-post","status-publish","format-standard","has-post-thumbnail","hentry","category-egyeb"],"_links":{"self":[{"href":"https:\/\/ipcszeged.hu\/index.php\/wp-json\/wp\/v2\/posts\/9452","targetHints":{"allow":["GET"]}}],"collection":[{"href":"https:\/\/ipcszeged.hu\/index.php\/wp-json\/wp\/v2\/posts"}],"about":[{"href":"https:\/\/ipcszeged.hu\/index.php\/wp-json\/wp\/v2\/types\/post"}],"author":[{"embeddable":true,"href":"https:\/\/ipcszeged.hu\/index.php\/wp-json\/wp\/v2\/users\/1"}],"replies":[{"embeddable":true,"href":"https:\/\/ipcszeged.hu\/index.php\/wp-json\/wp\/v2\/comments?post=9452"}],"version-history":[{"count":1,"href":"https:\/\/ipcszeged.hu\/index.php\/wp-json\/wp\/v2\/posts\/9452\/revisions"}],"predecessor-version":[{"id":9454,"href":"https:\/\/ipcszeged.hu\/index.php\/wp-json\/wp\/v2\/posts\/9452\/revisions\/9454"}],"wp:featuredmedia":[{"embeddable":true,"href":"https:\/\/ipcszeged.hu\/index.php\/wp-json\/wp\/v2\/media\/9453"}],"wp:attachment":[{"href":"https:\/\/ipcszeged.hu\/index.php\/wp-json\/wp\/v2\/media?parent=9452"}],"wp:term":[{"taxonomy":"category","embeddable":true,"href":"https:\/\/ipcszeged.hu\/index.php\/wp-json\/wp\/v2\/categories?post=9452"},{"taxonomy":"post_tag","embeddable":true,"href":"https:\/\/ipcszeged.hu\/index.php\/wp-json\/wp\/v2\/tags?post=9452"}],"curies":[{"name":"wp","href":"https:\/\/api.w.org\/{rel}","templated":true}]}}