{"id":9330,"date":"2018-06-05T09:15:42","date_gmt":"2018-06-05T09:15:42","guid":{"rendered":"http:\/\/www.ipcszeged.hu\/?p=9330"},"modified":"2018-06-05T09:15:42","modified_gmt":"2018-06-05T09:15:42","slug":"beszamolo-a-bit-rol-te-ott-voltal-mert-mi-ott-voltunk","status":"publish","type":"post","link":"https:\/\/ipcszeged.hu\/index.php\/2018\/06\/05\/beszamolo-a-bit-rol-te-ott-voltal-mert-mi-ott-voltunk\/","title":{"rendered":"BEsz\u00e1mol\u00f3 a BIT-r\u0151l&#8230;. Te ott volt\u00e1l, mert Mi ott voltunk!"},"content":{"rendered":"<h4 style=\"text-align: justify;\">A h\u00e9tv\u00e9g\u00e9n ker\u00fclt sor a B\u00e9k\u00e9s megyei Ifj\u00fas\u00e1gi Tal\u00e1lkoz\u00f3ra, amelyet B\u00e9k\u00e9scsab\u00e1n a Belv\u00e1rosi Pl\u00e9b\u00e1ni\u00e1ra szervezetek. K\u00f6zel 60 fiatal j\u00f6tt \u00f6ssze. A nap t\u00e9m\u00e1j\u00e1t az &#8220;\u00c9rt\u00e9kes vagy!&#8221;&nbsp; mott\u00f3 hat\u00e1rozta meg. A fiatalok egy k\u00f6z\u00f6s el\u0151ad\u00e1s meghallgat\u00e1sa ut\u00e1n workshopokon vehettek r\u00e9szt, majd a k\u00f6z\u00f6s eb\u00e9d ut\u00e1n a t\u00e1rssz\u00e9kesegyh\u00e1z szomsz\u00e9ds\u00e1g\u00e1ban tal\u00e1lhat\u00f3 parkban j\u00e1t\u00e9kos feladatokat teljes\u00edthettek a r\u00e9sztvev\u0151k.&nbsp; A program z\u00e1r\u00e1sak\u00e9nt pedig egy szentmis\u00e9t mutattak be a r\u00e9sztvev\u0151 aty\u00e1k.&nbsp;<\/h4>\nngg_shortcode_0_placeholder\n ","protected":false},"excerpt":{"rendered":"<p>A h\u00e9tv\u00e9g\u00e9n ker\u00fclt sor a B\u00e9k\u00e9s megyei Ifj\u00fas\u00e1gi Tal\u00e1lkoz\u00f3ra, amelyet B\u00e9k\u00e9scsab\u00e1n a Belv\u00e1rosi Pl\u00e9b\u00e1ni\u00e1ra szervezetek. K\u00f6zel 60 fiatal j\u00f6tt \u00f6ssze. A nap t\u00e9m\u00e1j\u00e1t az &#8220;\u00c9rt\u00e9kes vagy!&#8221;&nbsp; mott\u00f3 hat\u00e1rozta meg. A fiatalok egy k\u00f6z\u00f6s el\u0151ad\u00e1s meghallgat\u00e1sa ut\u00e1n workshopokon vehettek r\u00e9szt, majd a k\u00f6z\u00f6s eb\u00e9d ut\u00e1n a t\u00e1rssz\u00e9kesegyh\u00e1z szomsz\u00e9ds\u00e1g\u00e1ban tal\u00e1lhat\u00f3 parkban j\u00e1t\u00e9kos feladatokat teljes\u00edthettek a r\u00e9sztvev\u0151k.&nbsp; A&hellip; <br \/> <a class=\"read-more\" href=\"https:\/\/ipcszeged.hu\/index.php\/2018\/06\/05\/beszamolo-a-bit-rol-te-ott-voltal-mert-mi-ott-voltunk\/\">Read more<\/a><\/p>\n","protected":false},"author":1,"featured_media":9332,"comment_status":"closed","ping_status":"open","sticky":false,"template":"","format":"standard","meta":{"ngg_post_thumbnail":0,"footnotes":""},"categories":[1],"tags":[],"class_list":["post-9330","post","type-post","status-publish","format-standard","has-post-thumbnail","hentry","category-egyeb"],"_links":{"self":[{"href":"https:\/\/ipcszeged.hu\/index.php\/wp-json\/wp\/v2\/posts\/9330","targetHints":{"allow":["GET"]}}],"collection":[{"href":"https:\/\/ipcszeged.hu\/index.php\/wp-json\/wp\/v2\/posts"}],"about":[{"href":"https:\/\/ipcszeged.hu\/index.php\/wp-json\/wp\/v2\/types\/post"}],"author":[{"embeddable":true,"href":"https:\/\/ipcszeged.hu\/index.php\/wp-json\/wp\/v2\/users\/1"}],"replies":[{"embeddable":true,"href":"https:\/\/ipcszeged.hu\/index.php\/wp-json\/wp\/v2\/comments?post=9330"}],"version-history":[{"count":1,"href":"https:\/\/ipcszeged.hu\/index.php\/wp-json\/wp\/v2\/posts\/9330\/revisions"}],"predecessor-version":[{"id":9333,"href":"https:\/\/ipcszeged.hu\/index.php\/wp-json\/wp\/v2\/posts\/9330\/revisions\/9333"}],"wp:featuredmedia":[{"embeddable":true,"href":"https:\/\/ipcszeged.hu\/index.php\/wp-json\/wp\/v2\/media\/9332"}],"wp:attachment":[{"href":"https:\/\/ipcszeged.hu\/index.php\/wp-json\/wp\/v2\/media?parent=9330"}],"wp:term":[{"taxonomy":"category","embeddable":true,"href":"https:\/\/ipcszeged.hu\/index.php\/wp-json\/wp\/v2\/categories?post=9330"},{"taxonomy":"post_tag","embeddable":true,"href":"https:\/\/ipcszeged.hu\/index.php\/wp-json\/wp\/v2\/tags?post=9330"}],"curies":[{"name":"wp","href":"https:\/\/api.w.org\/{rel}","templated":true}]}}