{"id":8821,"date":"2018-05-14T07:44:31","date_gmt":"2018-05-14T07:44:31","guid":{"rendered":"http:\/\/www.ipcszeged.hu\/?p=8821"},"modified":"2018-05-14T07:44:31","modified_gmt":"2018-05-14T07:44:31","slug":"sza-sze-a-futo-gyalogos-ifjusagi-zarandoklat","status":"publish","type":"post","link":"https:\/\/ipcszeged.hu\/index.php\/2018\/05\/14\/sza-sze-a-futo-gyalogos-ifjusagi-zarandoklat\/","title":{"rendered":"&#8220;Sza-Sze&#8221; a fut\u00f3 gyalogos ifj\u00fas\u00e1gi zar\u00e1ndoklat"},"content":{"rendered":"<p><strong>Kedves Fiatal!<\/strong><\/p>\n<p style=\"font-weight: 400; text-align: center;\">2018. j\u00fanius 8-t\u00f3l 15-ig megrendez\u00e9sre ker\u00fcl az els\u0151 \u201eSza-Sze\u201d megnevez\u00e9sen fut\u00f3 gyalogos ifj\u00fas\u00e1gi zar\u00e1ndoklat, amely Szajolr\u00f3l indul \u00e9s M\u00e1travereb\u00e9ly &#8211; Szentk\u00fatra \u00e9rkezik.<\/p>\n<p style=\"font-weight: 400; text-align: center;\">C\u00e9lunk, hogy a magyar katolikus ifj\u00fas\u00e1got \u00f6ssze tudjuk hozni egy h\u00e9tre \u00e9s val\u00f3ban Istenhez k\u00f6zeli \u00e1llapotba tudjanak ker\u00fclni, tudjanak \u00faj bar\u00e1tokat szerezni, hogy tudjuk a lelki vezet\u0151k, aty\u00e1k, egyh\u00e1zi \u00e9s civil tagokkal a r\u00e9sztvev\u0151k hit\u00e9t er\u0151s\u00edteni \u00e9s megmutathassuk nekik, hogy mi a biztos \u00fat, amelyre \u00e9rdemes elmenni.<\/p>\n<p style=\"font-weight: 400; text-align: center;\">A zar\u00e1ndoklat a kereszt\u00e9ny \u00e9let egyik \u0151si jelk\u00e9pe, amelynek alapja a bibliai antropol\u00f3gia. A kereszt\u00e9ny ember, \u00faton l\u00e9v\u0151 ember (homo viator), aki nem feledkezik meg arr\u00f3l, hogy az embernek miut\u00e1n ki\u0171zetett a paradicsomb\u00f3l v\u00e9gig kell mennie a b\u0171n \u00e9s szabadul\u00e1s hossz\u00fa \u00e9s gy\u00f6trelmes \u00fatj\u00e1n, \u00e9s csak \u00e9lete v\u00e9g\u00e9n juthat el a mennyei Jeruzs\u00e1lembe, hogy ott Istennel \u00e9s Krisztussal tal\u00e1lkozzon (Jel 21-22). A zar\u00e1ndoklat teh\u00e1t nem csup\u00e1n egy \u0151sr\u00e9gi, szinte minden vall\u00e1sban megl\u00e9v\u0151 szok\u00e1s, hanem az emberi \u00e9let t\u00fckre (speculum humanae vitae).&nbsp;\u2013 hivatkozom dr. Dolhai Lajos Atya szavaira.<\/p>\n<p style=\"font-weight: 400; text-align: center;\">Programjaink k\u00f6zt szerepel, hogy tapasztalatot tudjuk cser\u00e9lni, bizonys\u00e1gt\u00e9teleket hallhassunk, ne csak az el\u0151ad\u00f3k r\u00e9sz\u00e9r\u0151l, hanem merjenek felsz\u00f3lalni az ifjak is.<\/p>\n<p style=\"font-weight: 400; text-align: center;\">&nbsp;<\/p>\n<p style=\"font-weight: 400; text-align: center;\">Szajolon a nyit\u00f3 mis\u00e9t Bese Gerg\u0151 Atya, ifj\u00fas\u00e1gi lelk\u00e9sz v\u00e9gzi.&nbsp;<br \/>\nUt\u00e1na nyit\u00f3 t\u0171zij\u00e1t\u00e9k. J\u00e1szber\u00e9nyben a strandol\u00e1si lehet\u0151s\u00e9get adunk. Filmvet\u00edt\u00e9s, k\u00fcl\u00f6nf\u00e9l labdaj\u00e1t\u00e9kok, Gy\u00f3n\u00e1si lehet\u0151s\u00e9g, m\u00fazeum l\u00e1togat\u00e1s, koncert, Szents\u00e9gim\u00e1d\u00e1s, dics\u0151\u00edt\u00e9s, kviddics meccs, eg\u00e9sz napos \u00e9nekl\u00e9s, im\u00e1dkoz\u00e1s, lelki besz\u00e9lget\u00e9sek, r\u00f3mai katolikus szentliturgi\u00e1k, g\u00f6r\u00f6g katolikus szentliturgi\u00e1k, lelkigyakorlat Farkas L\u00e1szl\u00f3 (Hatvan) \u00e9s Csonka Csaba (Tar) Aty\u00e1val.<\/p>\n<p style=\"font-weight: 400; text-align: center;\">Minden, ami egy ifj\u00fas\u00e1gi zar\u00e1ndoklatra kell!<\/p>\n<p style=\"font-weight: 400; text-align: center;\">K\u00e9rem, hogy a mell\u00e9kletben elk\u00fcld\u00f6tt f\u00e1jlt tov\u00e1bb\u00edts\u00e1k az egyh\u00e1zmegye minden pl\u00e9b\u00e1nos\u00e1nak, papj\u00e1nak, iskola-, ifj\u00fas\u00e1gi lelkip\u00e1sztor\u00e1nak, hogy min\u00e9l t\u00f6bben tudjanak a zar\u00e1ndoklatr\u00f3l az orsz\u00e1gban!<\/p>\n<p style=\"font-weight: 400; text-align: center;\">Aj\u00e1nlott koroszt\u00e1ly: 14-35 \u00e9v<br \/>\nMott\u00f3nk: \u201eBiztos \u00faton j\u00e1rva..\u201d<br \/>\nSzajol, J\u00e1szber\u00e9ny, Boldog, Jobb\u00e1gyi, Tar<br \/>\nJelentkez\u00e9si hat\u00e1rid\u0151: 2018. j\u00fanius 15. (legk\u00e9s\u0151bb 25.)<br \/>\nA zar\u00e1ndoklat k\u00f6lts\u00e9ge 10.000Ft \u2013 amely tartalmazza a napi h\u00e1romszoros \u00e9tkez\u00e9st, sz\u00e1ll\u00e1st, bel\u00e9p\u0151ket, jegyeket, zar\u00e1ndok p\u00f3l\u00f3t.<br \/>\nRegisztr\u00e1ci\u00f3s lehet\u0151s\u00e9g online:&nbsp;<a href=\"https:\/\/i-sza-sze-ifjusagi-gyalogos-zarandoklat.webnode.hu\/\" data-saferedirecturl=\"https:\/\/www.google.com\/url?hl=hu&amp;q=https:\/\/i-sza-sze-ifjusagi-gyalogos-zarandoklat.webnode.hu\/&amp;source=gmail&amp;ust=1526369292793000&amp;usg=AFQjCNGOo3Ma7IkrTjN9dWiSlhjX12p3hw\">https:\/\/i-sza-sze-ifjusagi-gyalogos-zarandoklat.webnode.hu\/<\/a>&nbsp;oldalon, illetve a REGISZTR\u00c1CI\u00d3 men\u00fcpontban az online jelentkez\u00e9s alatt megtal\u00e1lhat\u00f3 a let\u00f6lthet\u0151 jelentkez\u00e9si lap, amelyet az al\u00e1bbi c\u00edmre k\u00e9rt elk\u00fcldeni: 2440, Sz\u00e1zhalombatta, Szent L\u00e1szl\u00f3 u. 59. \u2013 Filep Xav\u00e9r, szervez\u0151<\/p>\n<p style=\"font-weight: 400; text-align: center;\">\u00c9rdekl\u0151d\u00e9si lehet\u0151s\u00e9g: Filep Xav\u00e9r, f\u0151szervez\u0151 30\/352-1817 ; 30\/793-2756&nbsp;<a href=\"mailto:xaver.filep@gmail.com\">xaver.filep@gmail.com<\/a>&nbsp;<br \/>\nT\u00f3th Orsolya, szervez\u0151 30\/429-4020<\/p>\n<p style=\"font-weight: 400; text-align: center;\">#egy\u00fcttmegcsin\u00e1ljuk #biztos\u00fatonj\u00e1rva #sza-sze<\/p>\n<p style=\"font-weight: 400; text-align: center;\">&nbsp;<\/p>\n<p style=\"font-weight: 400;\">Tisztelettel:<br \/>\nA szervez\u0151k<\/p>\n ","protected":false},"excerpt":{"rendered":"<p>Kedves Fiatal! 2018. j\u00fanius 8-t\u00f3l 15-ig megrendez\u00e9sre ker\u00fcl az els\u0151 \u201eSza-Sze\u201d megnevez\u00e9sen fut\u00f3 gyalogos ifj\u00fas\u00e1gi zar\u00e1ndoklat, amely Szajolr\u00f3l indul \u00e9s M\u00e1travereb\u00e9ly &#8211; Szentk\u00fatra \u00e9rkezik. C\u00e9lunk, hogy a magyar katolikus ifj\u00fas\u00e1got \u00f6ssze tudjuk hozni egy h\u00e9tre \u00e9s val\u00f3ban Istenhez k\u00f6zeli \u00e1llapotba tudjanak ker\u00fclni, tudjanak \u00faj bar\u00e1tokat szerezni, hogy tudjuk a lelki vezet\u0151k, aty\u00e1k, egyh\u00e1zi \u00e9s civil&hellip; <br \/> <a class=\"read-more\" href=\"https:\/\/ipcszeged.hu\/index.php\/2018\/05\/14\/sza-sze-a-futo-gyalogos-ifjusagi-zarandoklat\/\">Read more<\/a><\/p>\n","protected":false},"author":1,"featured_media":8822,"comment_status":"closed","ping_status":"open","sticky":false,"template":"","format":"standard","meta":{"ngg_post_thumbnail":0,"footnotes":""},"categories":[1],"tags":[],"class_list":["post-8821","post","type-post","status-publish","format-standard","has-post-thumbnail","hentry","category-egyeb"],"_links":{"self":[{"href":"https:\/\/ipcszeged.hu\/index.php\/wp-json\/wp\/v2\/posts\/8821","targetHints":{"allow":["GET"]}}],"collection":[{"href":"https:\/\/ipcszeged.hu\/index.php\/wp-json\/wp\/v2\/posts"}],"about":[{"href":"https:\/\/ipcszeged.hu\/index.php\/wp-json\/wp\/v2\/types\/post"}],"author":[{"embeddable":true,"href":"https:\/\/ipcszeged.hu\/index.php\/wp-json\/wp\/v2\/users\/1"}],"replies":[{"embeddable":true,"href":"https:\/\/ipcszeged.hu\/index.php\/wp-json\/wp\/v2\/comments?post=8821"}],"version-history":[{"count":1,"href":"https:\/\/ipcszeged.hu\/index.php\/wp-json\/wp\/v2\/posts\/8821\/revisions"}],"predecessor-version":[{"id":8823,"href":"https:\/\/ipcszeged.hu\/index.php\/wp-json\/wp\/v2\/posts\/8821\/revisions\/8823"}],"wp:featuredmedia":[{"embeddable":true,"href":"https:\/\/ipcszeged.hu\/index.php\/wp-json\/wp\/v2\/media\/8822"}],"wp:attachment":[{"href":"https:\/\/ipcszeged.hu\/index.php\/wp-json\/wp\/v2\/media?parent=8821"}],"wp:term":[{"taxonomy":"category","embeddable":true,"href":"https:\/\/ipcszeged.hu\/index.php\/wp-json\/wp\/v2\/categories?post=8821"},{"taxonomy":"post_tag","embeddable":true,"href":"https:\/\/ipcszeged.hu\/index.php\/wp-json\/wp\/v2\/tags?post=8821"}],"curies":[{"name":"wp","href":"https:\/\/api.w.org\/{rel}","templated":true}]}}