{"id":8681,"date":"2018-05-07T08:34:04","date_gmt":"2018-05-07T08:34:04","guid":{"rendered":"http:\/\/www.ipcszeged.hu\/?p=8681"},"modified":"2018-05-07T08:34:04","modified_gmt":"2018-05-07T08:34:04","slug":"maria-utja-domaszek-korzeti-ifjusagi-talalkozo","status":"publish","type":"post","link":"https:\/\/ipcszeged.hu\/index.php\/2018\/05\/07\/maria-utja-domaszek-korzeti-ifjusagi-talalkozo\/","title":{"rendered":"M\u00e1ria \u00fatja &#8211; Domasz\u00e9k K\u00f6rzeti Ifj\u00fas\u00e1gi Tal\u00e1lkoz\u00f3"},"content":{"rendered":"<p>A domasz\u00e9ki k\u00f6rzetben tal\u00e1lkoz\u00f3t szerveztek 2018, \u00e1prilis 28-\u00e1n, ahol m\u00f3rahalmi, z\u00e1k\u00e1nysz\u00e9ki, r\u00f6szkei, \u00e9s domasz\u00e9ki fiatalok t\u00f6lthett\u00e9k el a napot egy\u00fctt &#8220;M\u00e1ria \u00fatj\u00e1n&#8221;. A r\u00e9sztvev\u0151k a domasz\u00e9ki templomb\u00f3l gyalog zar\u00e1ndokoltak ki a z\u00f6ldf\u00e1si templomhoz \u00e9s lelkigyakorlatos h\u00e1zhoz. Z\u00f6ldf\u00e1son a fiatalok \u00e1llom\u00e1sonk\u00e9nt j\u00e1t\u00e9kos \u00e9s \u00e9rdekes feladatokon kereszt\u00fcl ismerhett\u00e9k meg M\u00e1ria \u00e9s J\u00f3zsef \u00e9let\u00fatj\u00e1t.<\/p>\n<p>De szavak helyett besz\u00e9ljenek a k\u00e9pek&#8230;.<\/p>\nngg_shortcode_0_placeholder\n ","protected":false},"excerpt":{"rendered":"<p>A domasz\u00e9ki k\u00f6rzetben tal\u00e1lkoz\u00f3t szerveztek 2018, \u00e1prilis 28-\u00e1n, ahol m\u00f3rahalmi, z\u00e1k\u00e1nysz\u00e9ki, r\u00f6szkei, \u00e9s domasz\u00e9ki fiatalok t\u00f6lthett\u00e9k el a napot egy\u00fctt &#8220;M\u00e1ria \u00fatj\u00e1n&#8221;. A r\u00e9sztvev\u0151k a domasz\u00e9ki templomb\u00f3l gyalog zar\u00e1ndokoltak ki a z\u00f6ldf\u00e1si templomhoz \u00e9s lelkigyakorlatos h\u00e1zhoz. Z\u00f6ldf\u00e1son a fiatalok \u00e1llom\u00e1sonk\u00e9nt j\u00e1t\u00e9kos \u00e9s \u00e9rdekes feladatokon kereszt\u00fcl ismerhett\u00e9k meg M\u00e1ria \u00e9s J\u00f3zsef \u00e9let\u00fatj\u00e1t. De szavak helyett besz\u00e9ljenek&hellip; <br \/> <a class=\"read-more\" href=\"https:\/\/ipcszeged.hu\/index.php\/2018\/05\/07\/maria-utja-domaszek-korzeti-ifjusagi-talalkozo\/\">Read more<\/a><\/p>\n","protected":false},"author":1,"featured_media":8800,"comment_status":"closed","ping_status":"open","sticky":false,"template":"","format":"standard","meta":{"ngg_post_thumbnail":0,"footnotes":""},"categories":[1],"tags":[],"class_list":["post-8681","post","type-post","status-publish","format-standard","has-post-thumbnail","hentry","category-egyeb"],"_links":{"self":[{"href":"https:\/\/ipcszeged.hu\/index.php\/wp-json\/wp\/v2\/posts\/8681","targetHints":{"allow":["GET"]}}],"collection":[{"href":"https:\/\/ipcszeged.hu\/index.php\/wp-json\/wp\/v2\/posts"}],"about":[{"href":"https:\/\/ipcszeged.hu\/index.php\/wp-json\/wp\/v2\/types\/post"}],"author":[{"embeddable":true,"href":"https:\/\/ipcszeged.hu\/index.php\/wp-json\/wp\/v2\/users\/1"}],"replies":[{"embeddable":true,"href":"https:\/\/ipcszeged.hu\/index.php\/wp-json\/wp\/v2\/comments?post=8681"}],"version-history":[{"count":1,"href":"https:\/\/ipcszeged.hu\/index.php\/wp-json\/wp\/v2\/posts\/8681\/revisions"}],"predecessor-version":[{"id":8801,"href":"https:\/\/ipcszeged.hu\/index.php\/wp-json\/wp\/v2\/posts\/8681\/revisions\/8801"}],"wp:featuredmedia":[{"embeddable":true,"href":"https:\/\/ipcszeged.hu\/index.php\/wp-json\/wp\/v2\/media\/8800"}],"wp:attachment":[{"href":"https:\/\/ipcszeged.hu\/index.php\/wp-json\/wp\/v2\/media?parent=8681"}],"wp:term":[{"taxonomy":"category","embeddable":true,"href":"https:\/\/ipcszeged.hu\/index.php\/wp-json\/wp\/v2\/categories?post=8681"},{"taxonomy":"post_tag","embeddable":true,"href":"https:\/\/ipcszeged.hu\/index.php\/wp-json\/wp\/v2\/tags?post=8681"}],"curies":[{"name":"wp","href":"https:\/\/api.w.org\/{rel}","templated":true}]}}