{"id":8671,"date":"2018-05-04T09:46:10","date_gmt":"2018-05-04T09:46:10","guid":{"rendered":"http:\/\/www.ipcszeged.hu\/?p=8671"},"modified":"2018-05-04T09:46:10","modified_gmt":"2018-05-04T09:46:10","slug":"bit-002-bekescsaba-2018-junius-2","status":"publish","type":"post","link":"https:\/\/ipcszeged.hu\/index.php\/2018\/05\/04\/bit-002-bekescsaba-2018-junius-2\/","title":{"rendered":"BIT-002 B\u00e9k\u00e9scsaba 2018. j\u00fanius 2."},"content":{"rendered":"<h4 style=\"text-align: center;\">Imm\u00e1r 2. alkalommal szervez\u0151dik meg a BIT a b\u00e9k\u00e9s megyei fiatalok sz\u00e1m\u00e1ra. A tal\u00e1lkoz\u00f3 2018. j\u00fanius 2-\u00e1n B\u00e9k\u00e9scsab\u00e1n lesz. A nap t\u00e9m\u00e1ja &#8220;\u00c9RT\u00c9KES VAGY!&#8221;.&nbsp;<\/h4>\n<h4>Mi v\u00e1r r\u00e1d?<\/h4>\n<ul>\n<li>\n<h4>\u00faj bar\u00e1tok, r\u00e9gi ismer\u0151s\u00f6k<\/h4>\n<\/li>\n<li>\n<h4>el\u0151ad\u00e1s \u00e9s kiscsoportos foglalkoz\u00e1sok, ahol \u00e9rt\u00e9kes lehetsz<\/h4>\n<\/li>\n<li>\n<h4>j\u00e1t\u00e9kok<\/h4>\n<\/li>\n<li>\n<h4>egy k\u00f6z\u00f6s szentmise<\/h4>\n<\/li>\n<li>\n<h4>eb\u00e9d<\/h4>\n<\/li>\n<\/ul>\n<h4>Meddig jelentkezhetsz?&nbsp;<\/h4>\n<ul>\n<li>\n<h4><span style=\"color: #ff0000;\"><strong>2018. m\u00e1jus 25-ig!<\/strong><\/span><\/h4>\n<\/li>\n<\/ul>\n<h3>A programot a <a href=\"http:\/\/www.ipcszeged.hu\/index.php\/bit2018\/program\/\">Linkre<\/a> kattintva \u00e9red el.<\/h3>\n<h3>Regisztr\u00e1ci\u00f3 itt:<br \/>\n<iframe loading=\"lazy\" src=\"https:\/\/docs.google.com\/forms\/d\/e\/1FAIpQLSf66CoczRwQmcVqJINplzw6xAn7AGVibqMSm0QfvE0HkPLgKw\/viewform?embedded=true\" width=\"1024\" height=\"720\" frameborder=\"0\" marginwidth=\"0\" marginheight=\"0\">Bet\u00f6lt\u00e9s&#8230;<\/iframe><\/p>\n<p>&nbsp;<\/h3>\n ","protected":false},"excerpt":{"rendered":"<p>Imm\u00e1r 2. alkalommal szervez\u0151dik meg a BIT a b\u00e9k\u00e9s megyei fiatalok sz\u00e1m\u00e1ra. A tal\u00e1lkoz\u00f3 2018. j\u00fanius 2-\u00e1n B\u00e9k\u00e9scsab\u00e1n lesz. A nap t\u00e9m\u00e1ja &#8220;\u00c9RT\u00c9KES VAGY!&#8221;.&nbsp; Mi v\u00e1r r\u00e1d? \u00faj bar\u00e1tok, r\u00e9gi ismer\u0151s\u00f6k el\u0151ad\u00e1s \u00e9s kiscsoportos foglalkoz\u00e1sok, ahol \u00e9rt\u00e9kes lehetsz j\u00e1t\u00e9kok egy k\u00f6z\u00f6s szentmise eb\u00e9d Meddig jelentkezhetsz?&nbsp; 2018. m\u00e1jus 25-ig! A programot a Linkre kattintva \u00e9red el.&hellip; <br \/> <a class=\"read-more\" href=\"https:\/\/ipcszeged.hu\/index.php\/2018\/05\/04\/bit-002-bekescsaba-2018-junius-2\/\">Read more<\/a><\/p>\n","protected":false},"author":1,"featured_media":8672,"comment_status":"closed","ping_status":"open","sticky":false,"template":"","format":"standard","meta":{"ngg_post_thumbnail":0,"footnotes":""},"categories":[1],"tags":[],"class_list":["post-8671","post","type-post","status-publish","format-standard","has-post-thumbnail","hentry","category-egyeb"],"_links":{"self":[{"href":"https:\/\/ipcszeged.hu\/index.php\/wp-json\/wp\/v2\/posts\/8671","targetHints":{"allow":["GET"]}}],"collection":[{"href":"https:\/\/ipcszeged.hu\/index.php\/wp-json\/wp\/v2\/posts"}],"about":[{"href":"https:\/\/ipcszeged.hu\/index.php\/wp-json\/wp\/v2\/types\/post"}],"author":[{"embeddable":true,"href":"https:\/\/ipcszeged.hu\/index.php\/wp-json\/wp\/v2\/users\/1"}],"replies":[{"embeddable":true,"href":"https:\/\/ipcszeged.hu\/index.php\/wp-json\/wp\/v2\/comments?post=8671"}],"version-history":[{"count":1,"href":"https:\/\/ipcszeged.hu\/index.php\/wp-json\/wp\/v2\/posts\/8671\/revisions"}],"predecessor-version":[{"id":8673,"href":"https:\/\/ipcszeged.hu\/index.php\/wp-json\/wp\/v2\/posts\/8671\/revisions\/8673"}],"wp:featuredmedia":[{"embeddable":true,"href":"https:\/\/ipcszeged.hu\/index.php\/wp-json\/wp\/v2\/media\/8672"}],"wp:attachment":[{"href":"https:\/\/ipcszeged.hu\/index.php\/wp-json\/wp\/v2\/media?parent=8671"}],"wp:term":[{"taxonomy":"category","embeddable":true,"href":"https:\/\/ipcszeged.hu\/index.php\/wp-json\/wp\/v2\/categories?post=8671"},{"taxonomy":"post_tag","embeddable":true,"href":"https:\/\/ipcszeged.hu\/index.php\/wp-json\/wp\/v2\/tags?post=8671"}],"curies":[{"name":"wp","href":"https:\/\/api.w.org\/{rel}","templated":true}]}}