{"id":8656,"date":"2018-04-26T07:29:51","date_gmt":"2018-04-26T07:29:51","guid":{"rendered":"http:\/\/www.ipcszeged.hu\/?p=8656"},"modified":"2018-04-26T07:29:51","modified_gmt":"2018-04-26T07:29:51","slug":"valaki-kutat-valaki-hivatas-boscofeszt-2018","status":"publish","type":"post","link":"https:\/\/ipcszeged.hu\/index.php\/2018\/04\/26\/valaki-kutat-valaki-hivatas-boscofeszt-2018\/","title":{"rendered":"Valaki kutat, valaki hivat\u00e1s &#8211; BoscoFESZT 2018"},"content":{"rendered":"<h3 style=\"text-align: center;\">Valaki kutat, valaki hivat\u00e1s &#8211; BoscoFESZT 2018<\/h3>\n<div style=\"text-align: center;\">&nbsp;<\/div>\n<h4 style=\"text-align: center;\">2018. j\u00falius 16 &#8211; 20. P\u00e9lif\u00f6ldszentkereszt<\/h4>\n<div style=\"text-align: center;\">&nbsp;<\/div>\n<h4 style=\"text-align: center;\">A programra 14 &#8211; 18 \u00e9v k\u00f6z\u00f6tti kamaszokat v\u00e1rnak. A programokat a kamaszok ig\u00e9nyeihez, ugyanakkor katolikus szellemis\u00e9gben \u00e1ll\u00edtottuk \u00f6ssze. Ennek \u00e9rtelm\u00e9ben minden napnak szerves r\u00e9sz\u00e9t k\u00e9pezik a m\u00e9ly, lelki tartalm\u00fa besz\u00e9lget\u00e9sek, m\u0171helyek \u00e9s az \u00f6nfeledt sz\u00f3rakoz\u00e1s is strandol\u00e1si lehet\u0151s\u00e9ggel, napk\u00f6zbeni \u00e9s \u00e9jszakai izgalmas j\u00e1t\u00e9kokkal.<\/h4>\n<h4 style=\"text-align: center;\">Webc\u00edm:<br \/>\n<a href=\"http:\/\/szalim.hu\/boscofeszt\/\" target=\"_blank\" rel=\"noopener\" data-saferedirecturl=\"https:\/\/www.google.com\/url?hl=hu&amp;q=http:\/\/szalim.hu\/boscofeszt\/&amp;source=gmail&amp;ust=1524810641559000&amp;usg=AFQjCNGCPUvOHL5bjhcIIVtFAoeb2x2sOg\">http:\/\/szalim.hu\/boscofeszt\/<\/a><\/h4>\n<p>&nbsp;<\/p>\n<blockquote>\n<h4 style=\"text-align: justify;\">Kedves Bar\u00e1tunk!<\/h4>\n<h4 style=\"text-align: justify;\">\n&nbsp; &nbsp; A Szal\u00e9zi Ifj\u00fas\u00e1gi Mozgalom id\u00e9n negyedik alkalommal rendezi meg a BoscoFesztet. Kereszt\u00e9ny t\u00e1borfesztiv\u00e1lunk 2018. j\u00falius 16-20. k\u00f6z\u00f6tt P\u00e9lif\u00f6ldszentkereszten sz\u00ednes programokkal v\u00e1rja a szal\u00e9zi ny\u00e1ri \u00e9lm\u00e9nyre a 14-18 \u00e9ves fiatalokat.<br \/>\n&nbsp; &nbsp; &nbsp; &nbsp; &nbsp;A BoscoFeszt c\u00e9lja, hogy tartalmas \u00e9s \u00e9lvezetes kikapcsol\u00f3d\u00e1si lehet\u0151s\u00e9get ny\u00fajtson a<br \/>\nfiataloknak, mindezt kereszt\u00e9ny k\u00f6rnyezetben, k\u00f6z\u00f6ss\u00e9gben, szal\u00e9zi lelkis\u00e9gben. Don Angel Fernandez Artime szal\u00e9zi rendf\u0151n\u00f6k atya gondolatait hozzuk el nektek. Az idei szal\u00e9zi strenna: \u201cUram, add nekem azt a vizet!\u201d gondolat\u00e1t bontjuk ki majd k\u00f6z\u00f6sen. Vajon milyen v\u00edzr\u0151l is besz\u00e9l ez az evang\u00e9liumi r\u00e9szlet? Egy\u00e1ltal\u00e1n hol tal\u00e1lom meg ezt a vizet? Van aki seg\u00edt a keres\u00e9sben?<br \/>\nC\u00e9lk\u00f6z\u00f6ns\u00e9g\u00fcnk 14-18 \u00e9ves fiatal, aki szeretne elt\u00f6lteni p\u00e1r kellemes napot vid\u00e1m l\u00e9gk\u00f6rben egy befogad\u00f3 t\u00e1rsas\u00e1gban. A BoscoFeszt nem szeretne konkurenci\u00e1ja lenni semmilyen j\u00f3l m\u0171k\u00f6d\u0151 iskolai, egyh\u00e1zmegyei, pl\u00e9b\u00e1niai t\u00e1bornak, szeretne azonban lehet\u0151s\u00e9get ny\u00fajtani olyan fiataloknak, pl\u00e9b\u00e1nosoknak, akik nem tudj\u00e1k megoldani az \u00f6n\u00e1ll\u00f3 t\u00e1bor szervez\u00e9s\u00e9t, vagy a saj\u00e1t programjaikon fel\u00fcl sz\u00edvesen r\u00e9szt venn\u00e9nek egy szal\u00e9zi lelkis\u00e9g\u0171, katolikus t\u00e1borban.<br \/>\n&nbsp; &nbsp; &nbsp;A t\u00e1borfesztiv\u00e1l programj\u00e1nak fel\u00e9p\u00edt\u00e9se a t\u00e1borok \u00e9s fesztiv\u00e1lok hangulat\u00e1nak kombin\u00e1l\u00e1s\u00e1ra eml\u00e9keztet. Ny\u00e1ri t\u00e1bor, hiszen t\u00e1bori keretek k\u00f6zt, f\u0151k\u00e9nt fiatalkor\u00faaknak sz\u00f3l, fesztiv\u00e1l, mert a program nagy r\u00e9sze \u00fagy \u00e9p\u00fcl fel, hogy a r\u00e9sztvev\u0151k t\u00f6bb lehet\u0151s\u00e9g k\u00f6z\u00fcl v\u00e1laszthatj\u00e1k ki mi az, ami \u00e9pp legink\u00e1bb kedv\u00fckre val\u00f3, \u00edgy a nap nagy r\u00e9sz\u00e9n nem kell minden r\u00e9sztvev\u0151nek egyszerre ugyanazon a programon r\u00e9szt vennie. A lelki fejl\u0151d\u00e9s\u00e9rt els\u0151sorban a szal\u00e9zi aty\u00e1k, n\u0151v\u00e9rek \u00e9s testv\u00e9rek felelnek, a reggeli gondolatok, a napi szentmis\u00e9k, \u2019\u2019j\u00f3\u00e9jszak\u00e1tok\u201d \u00e9s lelki besz\u00e9lget\u00e9sek alkalm\u00e1val. A szal\u00e9zi anim\u00e1torok j\u00e1t\u00e9kokkal, t\u00e1ncokkal, sport versenyekkel, k\u00e9zm\u0171ves foglalkoz\u00e1sokkal, strandol\u00e1si lehet\u0151s\u00e9ggel, m\u00f3k\u00e1val \u00e9s kacag\u00e1ssal fognak a j\u00f3kedvr\u0151l gondoskodni. A sz\u00f3rakoz\u00e1s mellett m\u0171helyfoglalkoz\u00e1sok, el\u0151ad\u00e1sok adnak lehet\u0151s\u00e9get a fejl\u0151d\u00e9sre. A programok k\u00f6z\u00f6tt szerepel habparty, zene \u00e9s sz\u00ednh\u00e1z m\u0171hely, k\u00f6z\u00f6ss\u00e9gi j\u00e1t\u00e9kok, retro mozi, t\u00e1nch\u00e1z, teah\u00e1z, \u00e9jszakai j\u00e1t\u00e9k, hajnali napfelkelt\u00e9s szentmise, kir\u00e1ndul\u00e1s.<br \/>\n&nbsp; &nbsp; &nbsp; &nbsp; &nbsp; &nbsp;Szeretn\u00e9nk teh\u00e1t megh\u00edvni minden kedves \u00e9rdekl\u0151d\u0151t erre a ny\u00e1ri programra. \u00d6r\u00f6m\u00fcnkre szolg\u00e1lna, ha eljuttatn\u00e1k a BoscoFeszt h\u00edr\u00e9t azon pl\u00e9b\u00e1ni\u00e1khoz, k\u00f6z\u00f6ss\u00e9gekhez, hitoktat\u00f3khoz, fiatalokhoz, akiket \u00e9rdekelhet! Amennyiben ig\u00e9ny van r\u00e1, sz\u00f3r\u00f3anyagot tudunk eljuttatni.<br \/>\nB\u00e1rmilyen k\u00e9rd\u00e9sre sz\u00edvesen v\u00e1laszolunk!<\/h4>\n<h4 style=\"text-align: justify;\">\nId\u0151pont: 2018. j\u00falius 16-20.<br \/>\nHelysz\u00edn: Szal\u00e9zi Lelkigyakorlatos H\u00e1z, 2533 Baj\u00f3t- P\u00e9lif\u00f6ldszentkereszt, Pf. 3.<br \/>\n<a href=\"http:\/\/szentkereszt.szaleziak.hu\/\">http:\/\/szentkereszt.szaleziak.hu\/<\/a><br \/>\nR\u00e9sztv\u00e9teli k\u00f6lts\u00e9g: Egy f\u0151 eset\u00e9n 15.000 Ft<br \/>\nT\u00f6bb testv\u00e9r r\u00e9sztvev\u0151: 12.000 Ft<br \/>\nJelentkez\u00e9si hat\u00e1rid\u0151: 2018. j\u00fanius 30. (vas\u00e1rnap)<br \/>\nA BoscoFesztre az els\u0151 200 jelentkez\u0151t tudjuk fogadni.<br \/>\nJelentkez\u00e9s \u00e9s r\u00e9szletes inform\u00e1ci\u00f3: <a href=\"http:\/\/szalim.hu\/boscofeszt\">http:\/\/szalim.hu\/boscofeszt<\/a><\/h4>\n<h4 style=\"text-align: justify;\">SZAL\u00c9ZI IFJ\u00daS\u00c1GI MOZGALOM EGYES\u00dcLET<br \/>\n1032 Budapest, B\u00e9csi \u00fat 173.<br \/>\nAd\u00f3sz\u00e1m: 18122167-1-41<\/h4>\n<\/blockquote>\n ","protected":false},"excerpt":{"rendered":"<p>Valaki kutat, valaki hivat\u00e1s &#8211; BoscoFESZT 2018 &nbsp; 2018. j\u00falius 16 &#8211; 20. P\u00e9lif\u00f6ldszentkereszt &nbsp; A programra 14 &#8211; 18 \u00e9v k\u00f6z\u00f6tti kamaszokat v\u00e1rnak. A programokat a kamaszok ig\u00e9nyeihez, ugyanakkor katolikus szellemis\u00e9gben \u00e1ll\u00edtottuk \u00f6ssze. Ennek \u00e9rtelm\u00e9ben minden napnak szerves r\u00e9sz\u00e9t k\u00e9pezik a m\u00e9ly, lelki tartalm\u00fa besz\u00e9lget\u00e9sek, m\u0171helyek \u00e9s az \u00f6nfeledt sz\u00f3rakoz\u00e1s is strandol\u00e1si lehet\u0151s\u00e9ggel, napk\u00f6zbeni&hellip; <br \/> <a class=\"read-more\" href=\"https:\/\/ipcszeged.hu\/index.php\/2018\/04\/26\/valaki-kutat-valaki-hivatas-boscofeszt-2018\/\">Read more<\/a><\/p>\n","protected":false},"author":1,"featured_media":8649,"comment_status":"closed","ping_status":"open","sticky":false,"template":"","format":"standard","meta":{"ngg_post_thumbnail":0,"footnotes":""},"categories":[1],"tags":[],"class_list":["post-8656","post","type-post","status-publish","format-standard","has-post-thumbnail","hentry","category-egyeb"],"_links":{"self":[{"href":"https:\/\/ipcszeged.hu\/index.php\/wp-json\/wp\/v2\/posts\/8656","targetHints":{"allow":["GET"]}}],"collection":[{"href":"https:\/\/ipcszeged.hu\/index.php\/wp-json\/wp\/v2\/posts"}],"about":[{"href":"https:\/\/ipcszeged.hu\/index.php\/wp-json\/wp\/v2\/types\/post"}],"author":[{"embeddable":true,"href":"https:\/\/ipcszeged.hu\/index.php\/wp-json\/wp\/v2\/users\/1"}],"replies":[{"embeddable":true,"href":"https:\/\/ipcszeged.hu\/index.php\/wp-json\/wp\/v2\/comments?post=8656"}],"version-history":[{"count":1,"href":"https:\/\/ipcszeged.hu\/index.php\/wp-json\/wp\/v2\/posts\/8656\/revisions"}],"predecessor-version":[{"id":8657,"href":"https:\/\/ipcszeged.hu\/index.php\/wp-json\/wp\/v2\/posts\/8656\/revisions\/8657"}],"wp:featuredmedia":[{"embeddable":true,"href":"https:\/\/ipcszeged.hu\/index.php\/wp-json\/wp\/v2\/media\/8649"}],"wp:attachment":[{"href":"https:\/\/ipcszeged.hu\/index.php\/wp-json\/wp\/v2\/media?parent=8656"}],"wp:term":[{"taxonomy":"category","embeddable":true,"href":"https:\/\/ipcszeged.hu\/index.php\/wp-json\/wp\/v2\/categories?post=8656"},{"taxonomy":"post_tag","embeddable":true,"href":"https:\/\/ipcszeged.hu\/index.php\/wp-json\/wp\/v2\/tags?post=8656"}],"curies":[{"name":"wp","href":"https:\/\/api.w.org\/{rel}","templated":true}]}}