{"id":8653,"date":"2018-04-26T07:21:51","date_gmt":"2018-04-26T07:21:51","guid":{"rendered":"http:\/\/www.ipcszeged.hu\/?p=8653"},"modified":"2018-04-26T07:23:55","modified_gmt":"2018-04-26T07:23:55","slug":"steg-szalezi-tofesztival-2018","status":"publish","type":"post","link":"https:\/\/ipcszeged.hu\/index.php\/2018\/04\/26\/steg-szalezi-tofesztival-2018\/","title":{"rendered":"ST\u00c9G Szal\u00e9zi T\u00f3Fesztiv\u00e1l 2018"},"content":{"rendered":"<h3 style=\"text-align: center;\">K\u00f6ss ki n\u00e1lunk! &#8211;&nbsp;ST\u00c9G Szal\u00e9zi T\u00f3Fesztiv\u00e1l 2018<\/h3>\n<div style=\"text-align: center;\">&nbsp;<\/div>\n<h3 style=\"text-align: center;\">2018. augusztus 17 &#8211; 20. P\u00e9lif\u00f6ldszentkereszt<\/h3>\n<div>&nbsp;<\/div>\n<h4 style=\"text-align: center;\">A programra 18 &#8211; 35 \u00e9v k\u00f6z\u00f6tti fiatalokat v\u00e1rj\u00e1k, akik a katolikus \u00e9rt\u00e9keket \u0151rz\u0151, ugyanakkor vid\u00e1m, fiatalos ny\u00e1ri kikapcsol\u00f3d\u00e1sra v\u00e1gynak. A programk\u00edn\u00e1latok sz\u00ednvonalas el\u0151ad\u00e1sokat, strandol\u00e1si lehet\u0151s\u00e9geket, lelki t\u00f6ltekez\u00e9si lehet\u0151s\u00e9geket k\u00edn\u00e1lnak.<\/h4>\n<div>&nbsp;<\/div>\n<h4 style=\"text-align: center;\">Webc\u00edm:<br \/>\n<a href=\"http:\/\/szalim.hu\/STEG\/\" target=\"_blank\" rel=\"noopener\" data-saferedirecturl=\"https:\/\/www.google.com\/url?hl=hu&amp;q=http:\/\/szalim.hu\/STEG\/&amp;source=gmail&amp;ust=1524810641559000&amp;usg=AFQjCNGqe4UeZcYjEVehEwYl7xbXELHYIA\">http:\/\/szalim.hu\/STEG\/<\/a><\/h4>\n ","protected":false},"excerpt":{"rendered":"<p>K\u00f6ss ki n\u00e1lunk! &#8211;&nbsp;ST\u00c9G Szal\u00e9zi T\u00f3Fesztiv\u00e1l 2018 &nbsp; 2018. augusztus 17 &#8211; 20. P\u00e9lif\u00f6ldszentkereszt &nbsp; A programra 18 &#8211; 35 \u00e9v k\u00f6z\u00f6tti fiatalokat v\u00e1rj\u00e1k, akik a katolikus \u00e9rt\u00e9keket \u0151rz\u0151, ugyanakkor vid\u00e1m, fiatalos ny\u00e1ri kikapcsol\u00f3d\u00e1sra v\u00e1gynak. A programk\u00edn\u00e1latok sz\u00ednvonalas el\u0151ad\u00e1sokat, strandol\u00e1si lehet\u0151s\u00e9geket, lelki t\u00f6ltekez\u00e9si lehet\u0151s\u00e9geket k\u00edn\u00e1lnak. &nbsp; Webc\u00edm: http:\/\/szalim.hu\/STEG\/<\/p>\n","protected":false},"author":1,"featured_media":8651,"comment_status":"closed","ping_status":"open","sticky":false,"template":"","format":"standard","meta":{"ngg_post_thumbnail":0,"footnotes":""},"categories":[1],"tags":[],"class_list":["post-8653","post","type-post","status-publish","format-standard","has-post-thumbnail","hentry","category-egyeb"],"_links":{"self":[{"href":"https:\/\/ipcszeged.hu\/index.php\/wp-json\/wp\/v2\/posts\/8653","targetHints":{"allow":["GET"]}}],"collection":[{"href":"https:\/\/ipcszeged.hu\/index.php\/wp-json\/wp\/v2\/posts"}],"about":[{"href":"https:\/\/ipcszeged.hu\/index.php\/wp-json\/wp\/v2\/types\/post"}],"author":[{"embeddable":true,"href":"https:\/\/ipcszeged.hu\/index.php\/wp-json\/wp\/v2\/users\/1"}],"replies":[{"embeddable":true,"href":"https:\/\/ipcszeged.hu\/index.php\/wp-json\/wp\/v2\/comments?post=8653"}],"version-history":[{"count":2,"href":"https:\/\/ipcszeged.hu\/index.php\/wp-json\/wp\/v2\/posts\/8653\/revisions"}],"predecessor-version":[{"id":8655,"href":"https:\/\/ipcszeged.hu\/index.php\/wp-json\/wp\/v2\/posts\/8653\/revisions\/8655"}],"wp:featuredmedia":[{"embeddable":true,"href":"https:\/\/ipcszeged.hu\/index.php\/wp-json\/wp\/v2\/media\/8651"}],"wp:attachment":[{"href":"https:\/\/ipcszeged.hu\/index.php\/wp-json\/wp\/v2\/media?parent=8653"}],"wp:term":[{"taxonomy":"category","embeddable":true,"href":"https:\/\/ipcszeged.hu\/index.php\/wp-json\/wp\/v2\/categories?post=8653"},{"taxonomy":"post_tag","embeddable":true,"href":"https:\/\/ipcszeged.hu\/index.php\/wp-json\/wp\/v2\/tags?post=8653"}],"curies":[{"name":"wp","href":"https:\/\/api.w.org\/{rel}","templated":true}]}}