{"id":8647,"date":"2018-04-26T07:19:19","date_gmt":"2018-04-26T07:19:19","guid":{"rendered":"http:\/\/www.ipcszeged.hu\/?p=8647"},"modified":"2018-04-26T07:19:19","modified_gmt":"2018-04-26T07:19:19","slug":"szalezi-ministranstabor-2018","status":"publish","type":"post","link":"https:\/\/ipcszeged.hu\/index.php\/2018\/04\/26\/szalezi-ministranstabor-2018\/","title":{"rendered":"Szal\u00e9zi Ministr\u00e1nst\u00e1bor 2018"},"content":{"rendered":"<h3 style=\"text-align: center;\">Az Eucharisztia titk\u00e1nak \u0151rz\u0151i &#8211; Szal\u00e9zi Ministr\u00e1nst\u00e1bor 2018<\/h3>\n<h3 style=\"text-align: center;\">\n2018. j\u00falius 10 &#8211; 14. P\u00e9lif\u00f6ldszentkereszt<\/h3>\n<h4 style=\"text-align: center;\">\nOlyan fi\u00fak egy\u00e9ni, vagy csoportos jelentkez\u00e9s\u00e9t v\u00e1rj\u00e1k, akik b\u00e1rmilyen pl\u00e9b\u00e1ni\u00e1n, vagy templomban szolg\u00e1lnak az olt\u00e1r k\u00f6r\u00fcl.<\/h4>\n<h4 style=\"text-align: center;\">\nWebc\u00edm:<br \/>\n<a href=\"http:\/\/szalim.hu\/mozgalom\/events\/szalezi-ministranstabor-2018\/\">http:\/\/szalim.hu\/mozgalom\/events\/szalezi-ministranstabor-2018\/<\/a><\/h4>\n ","protected":false},"excerpt":{"rendered":"<p>Az Eucharisztia titk\u00e1nak \u0151rz\u0151i &#8211; Szal\u00e9zi Ministr\u00e1nst\u00e1bor 2018 2018. j\u00falius 10 &#8211; 14. P\u00e9lif\u00f6ldszentkereszt Olyan fi\u00fak egy\u00e9ni, vagy csoportos jelentkez\u00e9s\u00e9t v\u00e1rj\u00e1k, akik b\u00e1rmilyen pl\u00e9b\u00e1ni\u00e1n, vagy templomban szolg\u00e1lnak az olt\u00e1r k\u00f6r\u00fcl. Webc\u00edm: http:\/\/szalim.hu\/mozgalom\/events\/szalezi-ministranstabor-2018\/<\/p>\n","protected":false},"author":1,"featured_media":8650,"comment_status":"closed","ping_status":"open","sticky":false,"template":"","format":"standard","meta":{"ngg_post_thumbnail":0,"footnotes":""},"categories":[1],"tags":[],"class_list":["post-8647","post","type-post","status-publish","format-standard","has-post-thumbnail","hentry","category-egyeb"],"_links":{"self":[{"href":"https:\/\/ipcszeged.hu\/index.php\/wp-json\/wp\/v2\/posts\/8647","targetHints":{"allow":["GET"]}}],"collection":[{"href":"https:\/\/ipcszeged.hu\/index.php\/wp-json\/wp\/v2\/posts"}],"about":[{"href":"https:\/\/ipcszeged.hu\/index.php\/wp-json\/wp\/v2\/types\/post"}],"author":[{"embeddable":true,"href":"https:\/\/ipcszeged.hu\/index.php\/wp-json\/wp\/v2\/users\/1"}],"replies":[{"embeddable":true,"href":"https:\/\/ipcszeged.hu\/index.php\/wp-json\/wp\/v2\/comments?post=8647"}],"version-history":[{"count":1,"href":"https:\/\/ipcszeged.hu\/index.php\/wp-json\/wp\/v2\/posts\/8647\/revisions"}],"predecessor-version":[{"id":8652,"href":"https:\/\/ipcszeged.hu\/index.php\/wp-json\/wp\/v2\/posts\/8647\/revisions\/8652"}],"wp:featuredmedia":[{"embeddable":true,"href":"https:\/\/ipcszeged.hu\/index.php\/wp-json\/wp\/v2\/media\/8650"}],"wp:attachment":[{"href":"https:\/\/ipcszeged.hu\/index.php\/wp-json\/wp\/v2\/media?parent=8647"}],"wp:term":[{"taxonomy":"category","embeddable":true,"href":"https:\/\/ipcszeged.hu\/index.php\/wp-json\/wp\/v2\/categories?post=8647"},{"taxonomy":"post_tag","embeddable":true,"href":"https:\/\/ipcszeged.hu\/index.php\/wp-json\/wp\/v2\/tags?post=8647"}],"curies":[{"name":"wp","href":"https:\/\/api.w.org\/{rel}","templated":true}]}}