{"id":8633,"date":"2018-04-17T10:49:59","date_gmt":"2018-04-17T10:49:59","guid":{"rendered":"http:\/\/www.ipcszeged.hu\/?p=8633"},"modified":"2018-04-18T09:10:28","modified_gmt":"2018-04-18T09:10:28","slug":"egyhazmegyei-zarandoklat-2018-majus-26-regisztracio","status":"publish","type":"post","link":"https:\/\/ipcszeged.hu\/index.php\/2018\/04\/17\/egyhazmegyei-zarandoklat-2018-majus-26-regisztracio\/","title":{"rendered":"Egyh\u00e1zmegyei Zar\u00e1ndoklat 2018. m\u00e1jus 26. REGISZTR\u00c1CI\u00d3"},"content":{"rendered":"<p style=\"text-align: justify;\">Szeretettel h\u00edvunk T\u00e9ged \u00e9s h\u00edv\u0151 k\u00f6z\u00f6ss\u00e9ged <strong>Egyh\u00e1zmegyei Zar\u00e1ndoklatra \u00e9s Tal\u00e1lkoz\u00f3ra 2018. m\u00e1jus 26-\u00e1n \u00d3f\u00f6lde\u00e1kra.<\/strong><\/p>\n<p style=\"text-align: justify;\"><strong><em>Mott\u00f3: \u201eKelj\u00fcnk \u00fatra, hogy \u00e9letet mer\u00edts\u00fcnk!\u201d<\/em><\/strong><\/p>\n<p style=\"text-align: justify;\">A kereszt\u00e9ny ember \u00e9let\u00e9ben mindig is fontos volt a zar\u00e1ndoklat: a c\u00e9l, az \u00fat, a meg\u00e9rkez\u00e9s \u00e9s a k\u00f6zben meg\u00e9lt Istenkapcsolat. Egyh\u00e1zmegy\u00e9nk zar\u00e1ndoklatra k\u00e9sz\u00fcl, melynek c\u00e9lja, hogy tal\u00e1lkozzunk egym\u00e1ssal, Istennel. A zar\u00e1ndoklaton val\u00f3 r\u00e9szv\u00e9tellel szeretn\u00e9nk, ha egyh\u00e1zmegyei identit\u00e1sunk er\u0151s\u00f6dne. Mik\u00f6zben egy k\u00f6z\u00f6ss\u00e9g\u00e9lm\u00e9nyben van r\u00e9sz\u00fcnk, rem\u00e9lj\u00fck, hogy hagyom\u00e1nyt is teremt\u00fcnk.<\/p>\n<p style=\"text-align: justify;\">A zar\u00e1ndoklatra szeretettel v\u00e1rjuk az aty\u00e1kat, katek\u00e9t\u00e1kat, csal\u00e1dokat, hittanosokat, egyh\u00e1zi iskol\u00e1k tanul\u00f3it, fiatalokat \u00e9s minden \u00e9rdekl\u0151d\u0151t.<\/p>\n<p style=\"text-align: justify;\">Ezt a levelet el\u0151zetes t\u00e1j\u00e9koztat\u00e1snak sz\u00e1njuk, hogy aki sz\u00edvesen csatlakozik, szabadd\u00e1 tudja tenni az id\u0151pontot. A r\u00e9szletes programot a k\u00e9s\u0151bbiekben k\u00fcldj\u00fck.<\/p>\n<p style=\"text-align: justify;\">Szeretettel k\u00e9rj\u00fck a zar\u00e1ndoklat hirdet\u00e9s\u00e9t a h\u00edveknek, fiataloknak, csal\u00e1dosoknak, hogy min\u00e9l t\u00f6bben r\u00e9szt vegy\u00fcnk, s k\u00f6z\u00f6sen \u00fatra kelj\u00fcnk, hogy \u00e9letet mer\u00edts\u00fcnk!<\/p>\n<p>&nbsp;<\/p>\n<p style=\"text-align: center;\">REGISZTR\u00c1LJ TE IS!&nbsp;<\/p>\n<p style=\"text-align: center;\"><span style=\"color: #ff0000;\"><strong>REGISZTR\u00c1CI\u00d3S HAT\u00c1RID\u0150: 2018. M\u00c1JUS 10.<\/strong><\/span><\/p>\n<p><iframe loading=\"lazy\" src=\"https:\/\/docs.google.com\/forms\/d\/e\/1FAIpQLScpy52s2tNG7hsQ_evTTPk-cDluiTzJy_OUdKimuG15xFiquQ\/viewform?embedded=true\" width=\"1024\" height=\"760\" frameborder=\"0\" marginheight=\"0\" marginwidth=\"0\">Bet\u00f6lt\u00e9s&#8230;<\/iframe><\/p>\n<p>&nbsp;<\/p>\n<p>B\u0150VEBB INFORM\u00c1CI\u00d3 A <a href=\"http:\/\/corunum2020.hu\/\">WWW.CORUNUM2020.HU<\/a> OLDALON AZ EGYH\u00c1ZMEGYEI ZAR\u00c1NDOKLAT MEN\u00dcPONT ALATT<\/p>\n ","protected":false},"excerpt":{"rendered":"<p>Szeretettel h\u00edvunk T\u00e9ged \u00e9s h\u00edv\u0151 k\u00f6z\u00f6ss\u00e9ged Egyh\u00e1zmegyei Zar\u00e1ndoklatra \u00e9s Tal\u00e1lkoz\u00f3ra 2018. m\u00e1jus 26-\u00e1n \u00d3f\u00f6lde\u00e1kra. Mott\u00f3: \u201eKelj\u00fcnk \u00fatra, hogy \u00e9letet mer\u00edts\u00fcnk!\u201d A kereszt\u00e9ny ember \u00e9let\u00e9ben mindig is fontos volt a zar\u00e1ndoklat: a c\u00e9l, az \u00fat, a meg\u00e9rkez\u00e9s \u00e9s a k\u00f6zben meg\u00e9lt Istenkapcsolat. Egyh\u00e1zmegy\u00e9nk zar\u00e1ndoklatra k\u00e9sz\u00fcl, melynek c\u00e9lja, hogy tal\u00e1lkozzunk egym\u00e1ssal, Istennel. A zar\u00e1ndoklaton val\u00f3 r\u00e9szv\u00e9tellel szeretn\u00e9nk,&hellip; <br \/> <a class=\"read-more\" href=\"https:\/\/ipcszeged.hu\/index.php\/2018\/04\/17\/egyhazmegyei-zarandoklat-2018-majus-26-regisztracio\/\">Read more<\/a><\/p>\n","protected":false},"author":1,"featured_media":8635,"comment_status":"closed","ping_status":"open","sticky":false,"template":"","format":"standard","meta":{"ngg_post_thumbnail":0,"footnotes":""},"categories":[1],"tags":[],"class_list":["post-8633","post","type-post","status-publish","format-standard","has-post-thumbnail","hentry","category-egyeb"],"_links":{"self":[{"href":"https:\/\/ipcszeged.hu\/index.php\/wp-json\/wp\/v2\/posts\/8633","targetHints":{"allow":["GET"]}}],"collection":[{"href":"https:\/\/ipcszeged.hu\/index.php\/wp-json\/wp\/v2\/posts"}],"about":[{"href":"https:\/\/ipcszeged.hu\/index.php\/wp-json\/wp\/v2\/types\/post"}],"author":[{"embeddable":true,"href":"https:\/\/ipcszeged.hu\/index.php\/wp-json\/wp\/v2\/users\/1"}],"replies":[{"embeddable":true,"href":"https:\/\/ipcszeged.hu\/index.php\/wp-json\/wp\/v2\/comments?post=8633"}],"version-history":[{"count":7,"href":"https:\/\/ipcszeged.hu\/index.php\/wp-json\/wp\/v2\/posts\/8633\/revisions"}],"predecessor-version":[{"id":8641,"href":"https:\/\/ipcszeged.hu\/index.php\/wp-json\/wp\/v2\/posts\/8633\/revisions\/8641"}],"wp:featuredmedia":[{"embeddable":true,"href":"https:\/\/ipcszeged.hu\/index.php\/wp-json\/wp\/v2\/media\/8635"}],"wp:attachment":[{"href":"https:\/\/ipcszeged.hu\/index.php\/wp-json\/wp\/v2\/media?parent=8633"}],"wp:term":[{"taxonomy":"category","embeddable":true,"href":"https:\/\/ipcszeged.hu\/index.php\/wp-json\/wp\/v2\/categories?post=8633"},{"taxonomy":"post_tag","embeddable":true,"href":"https:\/\/ipcszeged.hu\/index.php\/wp-json\/wp\/v2\/tags?post=8633"}],"curies":[{"name":"wp","href":"https:\/\/api.w.org\/{rel}","templated":true}]}}