{"id":7391,"date":"2018-03-07T13:12:05","date_gmt":"2018-03-07T13:12:05","guid":{"rendered":"http:\/\/www.ipcszeged.hu\/?p=7391"},"modified":"2018-03-07T13:16:12","modified_gmt":"2018-03-07T13:16:12","slug":"benned-elek-f2f-kepekben","status":"publish","type":"post","link":"https:\/\/ipcszeged.hu\/index.php\/2018\/03\/07\/benned-elek-f2f-kepekben\/","title":{"rendered":"Benned \u00c9lek- f2F k\u00e9pekben"},"content":{"rendered":"<h5 style=\"text-align: justify;\">2018. febru\u00e1r 28-\u00e1n a szegedi Jezsuita templomban szervezt\u00fck meg a leg\u00fajabb f2F alkalmunkat, amelyen k\u00f6zel 90 fiatal vett r\u00e9szt. Az elm\u00e9lked\u00e9st Versegi Be\u00e1ta n\u0151v\u00e9r,&nbsp; a tan\u00fas\u00e1gtev\u00e9st S\u00e1ra n\u0151v\u00e9r a szents\u00e9gim\u00e1d\u00e1st pedig K\u00f6ll\u0151 S\u00e1ndor atya vezette a Szegedi Katolikus Egyetemi Lelk\u00e9szs\u00e9g zenekar\u00e1nak k\u00eds\u00e9ret\u00e9ben.<\/h5>\n<h3 style=\"text-align: justify;\">Az imaesten k\u00e9sz\u00fclt k\u00e9pek megtekinthet\u0151k itt:&nbsp;<a href=\"http:\/\/corunum2020.hu\/index.php\/2018\/03\/07\/benned-elek-f2f-2018-februar-28\/\">CORUNUM2020.hu<\/a><\/h3>\n ","protected":false},"excerpt":{"rendered":"<p>2018. febru\u00e1r 28-\u00e1n a szegedi Jezsuita templomban szervezt\u00fck meg a leg\u00fajabb f2F alkalmunkat, amelyen k\u00f6zel 90 fiatal vett r\u00e9szt. Az elm\u00e9lked\u00e9st Versegi Be\u00e1ta n\u0151v\u00e9r,&nbsp; a tan\u00fas\u00e1gtev\u00e9st S\u00e1ra n\u0151v\u00e9r a szents\u00e9gim\u00e1d\u00e1st pedig K\u00f6ll\u0151 S\u00e1ndor atya vezette a Szegedi Katolikus Egyetemi Lelk\u00e9szs\u00e9g zenekar\u00e1nak k\u00eds\u00e9ret\u00e9ben. Az imaesten k\u00e9sz\u00fclt k\u00e9pek megtekinthet\u0151k itt:&nbsp;CORUNUM2020.hu<\/p>\n","protected":false},"author":1,"featured_media":7392,"comment_status":"closed","ping_status":"open","sticky":false,"template":"","format":"standard","meta":{"ngg_post_thumbnail":0,"footnotes":""},"categories":[1],"tags":[],"class_list":["post-7391","post","type-post","status-publish","format-standard","has-post-thumbnail","hentry","category-egyeb"],"_links":{"self":[{"href":"https:\/\/ipcszeged.hu\/index.php\/wp-json\/wp\/v2\/posts\/7391","targetHints":{"allow":["GET"]}}],"collection":[{"href":"https:\/\/ipcszeged.hu\/index.php\/wp-json\/wp\/v2\/posts"}],"about":[{"href":"https:\/\/ipcszeged.hu\/index.php\/wp-json\/wp\/v2\/types\/post"}],"author":[{"embeddable":true,"href":"https:\/\/ipcszeged.hu\/index.php\/wp-json\/wp\/v2\/users\/1"}],"replies":[{"embeddable":true,"href":"https:\/\/ipcszeged.hu\/index.php\/wp-json\/wp\/v2\/comments?post=7391"}],"version-history":[{"count":3,"href":"https:\/\/ipcszeged.hu\/index.php\/wp-json\/wp\/v2\/posts\/7391\/revisions"}],"predecessor-version":[{"id":7395,"href":"https:\/\/ipcszeged.hu\/index.php\/wp-json\/wp\/v2\/posts\/7391\/revisions\/7395"}],"wp:featuredmedia":[{"embeddable":true,"href":"https:\/\/ipcszeged.hu\/index.php\/wp-json\/wp\/v2\/media\/7392"}],"wp:attachment":[{"href":"https:\/\/ipcszeged.hu\/index.php\/wp-json\/wp\/v2\/media?parent=7391"}],"wp:term":[{"taxonomy":"category","embeddable":true,"href":"https:\/\/ipcszeged.hu\/index.php\/wp-json\/wp\/v2\/categories?post=7391"},{"taxonomy":"post_tag","embeddable":true,"href":"https:\/\/ipcszeged.hu\/index.php\/wp-json\/wp\/v2\/tags?post=7391"}],"curies":[{"name":"wp","href":"https:\/\/api.w.org\/{rel}","templated":true}]}}