{"id":7386,"date":"2018-03-07T10:30:24","date_gmt":"2018-03-07T10:30:24","guid":{"rendered":"http:\/\/www.ipcszeged.hu\/?p=7386"},"modified":"2018-03-07T10:30:24","modified_gmt":"2018-03-07T10:30:24","slug":"mar-csak-3-nap-a-tvt-regisztracioig","status":"publish","type":"post","link":"https:\/\/ipcszeged.hu\/index.php\/2018\/03\/07\/mar-csak-3-nap-a-tvt-regisztracioig\/","title":{"rendered":"M\u00e1r csak 3 nap a TVT regisztr\u00e1ci\u00f3ig"},"content":{"rendered":"<h5 style=\"text-align: center;\">Elindult a visszasz\u00e1ml\u00e1l\u00e1s az idei Tesz Vesz Tavasz regisztr\u00e1ci\u00f3s hat\u00e1ridej\u00e9nek lej\u00e1rat\u00e1ig.<\/h5>\n<h5 style=\"text-align: center;\">Eddig&nbsp;<span style=\"font-size: large;\">k\u00f6zel 2000-en jelentkeztek!<\/span><\/h5>\n<h5 style=\"text-align: center;\"><span style=\"font-size: large;\">Vajon az \u00c9n K\u00f6z\u00f6ss\u00e9gem is k\u00f6zt\u00fck van?<\/span><\/h5>\n<h5 style=\"text-align: center;\">M\u00e9g Nem?<\/h5>\n<h5 style=\"text-align: center;\">Akkor&nbsp;<span style=\"font-size: large;\">maradt 3 nap<\/span>ja azoknak az ifj\u00fas\u00e1gi csoportoknak, k\u00f6z\u00f6ss\u00e9geknek, katolikus iskol\u00e1knak \u00e9s pl\u00e9b\u00e1ni\u00e1knak, akik id\u00e9n is sz\u00edvesen fogn\u00e1nak \u00f6ssze az Egyh\u00e1zmegy\u00e9nkben a szebb \u00e9s \u00e9lhet\u0151bb k\u00f6rnyezet meg\u0151rz\u00e9s\u00e9\u00e9rt vagy kialak\u00edt\u00e1s\u00e1\u00e9rt.<\/h5>\n<h5 style=\"text-align: center;\">&nbsp;<\/h5>\n<h5 style=\"text-align: center;\"><span style=\"font-size: large;\"><b><span style=\"color: #ff9900;\">Jelentkezni saj\u00e1t \u00f6kol\u00f3giai vagy kultur\u00e1lis vagy szoci\u00e1lis projekttel a<\/span>&nbsp;<\/b><\/span><\/h5>\n<h5 style=\"text-align: center;\"><span style=\"font-size: large;\"><b><a href=\"https:\/\/docs.google.com\/forms\/d\/e\/1FAIpQLSd4b8U9DOKMoBtik7pSpGBZ7H_dQyvD7Y2bLqOZvf-eEC-fXg\/viewform\" target=\"_blank\" rel=\"noopener\" data-saferedirecturl=\"https:\/\/www.google.com\/url?hl=hu&amp;q=http:\/\/www.ipcszeged.hu&amp;source=gmail&amp;ust=1520504590854000&amp;usg=AFQjCNHwvcSDl0BYqHbUnedvATxCAApwCQ\">REGISZTR\u00c1LOK<\/a>&nbsp;<\/b><\/span><\/h5>\n<h5 style=\"text-align: center;\"><span style=\"font-size: large;\"><b><span style=\"color: #ff9900;\">linkre kattintva lehet.<\/span><\/b><\/span><\/h5>\n<h5 style=\"text-align: center;\">&nbsp;<\/h5>\n<h5 style=\"text-align: center;\"><b><span style=\"color: #ff0000; font-size: large;\">A jelentkez\u00e9si hat\u00e1rid\u0151 2018. m\u00e1rcius 10. (szombat)<\/span><\/b><\/h5>\n<h5 style=\"text-align: center;\">&nbsp;<\/h5>\n<h5 style=\"text-align: center;\">Szeretn\u00e9nk felh\u00edvni a figyelmet, hogy id\u00e9n k\u00fcl\u00f6n odafigyel\u00e9st szeretn\u00e9nk szentelni az \u00fat menti keresztek megtiszt\u00edt\u00e1s\u00e1ra, karbantart\u00e1s\u00e1ra.<\/h5>\n ","protected":false},"excerpt":{"rendered":"<p>Elindult a visszasz\u00e1ml\u00e1l\u00e1s az idei Tesz Vesz Tavasz regisztr\u00e1ci\u00f3s hat\u00e1ridej\u00e9nek lej\u00e1rat\u00e1ig. Eddig&nbsp;k\u00f6zel 2000-en jelentkeztek! Vajon az \u00c9n K\u00f6z\u00f6ss\u00e9gem is k\u00f6zt\u00fck van? M\u00e9g Nem? Akkor&nbsp;maradt 3 napja azoknak az ifj\u00fas\u00e1gi csoportoknak, k\u00f6z\u00f6ss\u00e9geknek, katolikus iskol\u00e1knak \u00e9s pl\u00e9b\u00e1ni\u00e1knak, akik id\u00e9n is sz\u00edvesen fogn\u00e1nak \u00f6ssze az Egyh\u00e1zmegy\u00e9nkben a szebb \u00e9s \u00e9lhet\u0151bb k\u00f6rnyezet meg\u0151rz\u00e9s\u00e9\u00e9rt vagy kialak\u00edt\u00e1s\u00e1\u00e9rt. &nbsp; Jelentkezni saj\u00e1t \u00f6kol\u00f3giai&hellip; <br \/> <a class=\"read-more\" href=\"https:\/\/ipcszeged.hu\/index.php\/2018\/03\/07\/mar-csak-3-nap-a-tvt-regisztracioig\/\">Read more<\/a><\/p>\n","protected":false},"author":1,"featured_media":7387,"comment_status":"closed","ping_status":"open","sticky":false,"template":"","format":"standard","meta":{"ngg_post_thumbnail":0,"footnotes":""},"categories":[1],"tags":[],"class_list":["post-7386","post","type-post","status-publish","format-standard","has-post-thumbnail","hentry","category-egyeb"],"_links":{"self":[{"href":"https:\/\/ipcszeged.hu\/index.php\/wp-json\/wp\/v2\/posts\/7386","targetHints":{"allow":["GET"]}}],"collection":[{"href":"https:\/\/ipcszeged.hu\/index.php\/wp-json\/wp\/v2\/posts"}],"about":[{"href":"https:\/\/ipcszeged.hu\/index.php\/wp-json\/wp\/v2\/types\/post"}],"author":[{"embeddable":true,"href":"https:\/\/ipcszeged.hu\/index.php\/wp-json\/wp\/v2\/users\/1"}],"replies":[{"embeddable":true,"href":"https:\/\/ipcszeged.hu\/index.php\/wp-json\/wp\/v2\/comments?post=7386"}],"version-history":[{"count":1,"href":"https:\/\/ipcszeged.hu\/index.php\/wp-json\/wp\/v2\/posts\/7386\/revisions"}],"predecessor-version":[{"id":7388,"href":"https:\/\/ipcszeged.hu\/index.php\/wp-json\/wp\/v2\/posts\/7386\/revisions\/7388"}],"wp:featuredmedia":[{"embeddable":true,"href":"https:\/\/ipcszeged.hu\/index.php\/wp-json\/wp\/v2\/media\/7387"}],"wp:attachment":[{"href":"https:\/\/ipcszeged.hu\/index.php\/wp-json\/wp\/v2\/media?parent=7386"}],"wp:term":[{"taxonomy":"category","embeddable":true,"href":"https:\/\/ipcszeged.hu\/index.php\/wp-json\/wp\/v2\/categories?post=7386"},{"taxonomy":"post_tag","embeddable":true,"href":"https:\/\/ipcszeged.hu\/index.php\/wp-json\/wp\/v2\/tags?post=7386"}],"curies":[{"name":"wp","href":"https:\/\/api.w.org\/{rel}","templated":true}]}}