{"id":738,"date":"2016-02-22T10:10:10","date_gmt":"2016-02-22T10:10:10","guid":{"rendered":"http:\/\/www.ipcszeged.hu\/?p=738"},"modified":"2016-02-22T10:10:10","modified_gmt":"2016-02-22T10:10:10","slug":"irgalom-es-kozony-csanadapaca-kit","status":"publish","type":"post","link":"https:\/\/ipcszeged.hu\/index.php\/2016\/02\/22\/irgalom-es-kozony-csanadapaca-kit\/","title":{"rendered":"&#8220;Irgalom \u00e9s k\u00f6z\u00f6ny&#8221; &#8211; Csan\u00e1dap\u00e1ca KIT"},"content":{"rendered":"<p style=\"text-align: center;\">2016. febru\u00e1r 20-\u00e1n Csan\u00e1dap\u00e1c\u00e1n szervezt\u00fck meg K\u00f6rzeti Ifj\u00fas\u00e1gi Tal\u00e1lkoz\u00f3nkat a helyi hitoktat\u00f3k \u00e9s aty\u00e1k k\u00f6zrem\u0171k\u00f6d\u00e9s\u00e9vel. A tal\u00e1lkoz\u00f3nak a csan\u00e1dap\u00e1cai \u00e1ltal\u00e1nos iskola adott helyet \u00e9s eb\u00e9det \ud83d\ude42 , amit nagyon k\u00f6sz\u00f6n\u00fcnk. \u00a0T\u00f6bb mint 80 fiatal vett r\u00e9szt a tal\u00e1lkoz\u00f3n. A nap sor\u00e1n j\u00e1t\u00e9kos feladatok el\u00e9 \u00e1llhattak a fiatalok, majd pedig \u00e9rdekes csoportfoglalkoz\u00e1sok alkalm\u00e1val a irgalmass\u00e1ggal, k\u00f6z\u00f6nnyel, s\u00e9r\u00fcltekkel ismerkedhettek a fiatalok.<\/p>\n<p style=\"text-align: center;\">\u00a0De besz\u00e9ljenek a k\u00e9pek&#8230;&#8230; <a href=\"http:\/\/www.ipcszeged.hu\/wp-content\/uploads\/2016\/02\/IMG_0941.jpg\"><br \/>\n<\/a><\/p>\n<p style=\"text-align: center;\">\n ","protected":false},"excerpt":{"rendered":"<p>2016. febru\u00e1r 20-\u00e1n Csan\u00e1dap\u00e1c\u00e1n szervezt\u00fck meg K\u00f6rzeti Ifj\u00fas\u00e1gi Tal\u00e1lkoz\u00f3nkat a helyi hitoktat\u00f3k \u00e9s aty\u00e1k k\u00f6zrem\u0171k\u00f6d\u00e9s\u00e9vel. A tal\u00e1lkoz\u00f3nak a csan\u00e1dap\u00e1cai \u00e1ltal\u00e1nos iskola adott helyet \u00e9s eb\u00e9det \ud83d\ude42 , amit nagyon k\u00f6sz\u00f6n\u00fcnk. \u00a0T\u00f6bb mint 80 fiatal vett r\u00e9szt a tal\u00e1lkoz\u00f3n. A nap sor\u00e1n j\u00e1t\u00e9kos feladatok el\u00e9 \u00e1llhattak a fiatalok, majd pedig \u00e9rdekes csoportfoglalkoz\u00e1sok alkalm\u00e1val a irgalmass\u00e1ggal, k\u00f6z\u00f6nnyel,&hellip; <br \/> <a class=\"read-more\" href=\"https:\/\/ipcszeged.hu\/index.php\/2016\/02\/22\/irgalom-es-kozony-csanadapaca-kit\/\">Read more<\/a><\/p>\n","protected":false},"author":1,"featured_media":739,"comment_status":"open","ping_status":"open","sticky":false,"template":"","format":"gallery","meta":{"ngg_post_thumbnail":0,"footnotes":""},"categories":[1],"tags":[],"class_list":["post-738","post","type-post","status-publish","format-gallery","has-post-thumbnail","hentry","category-egyeb","post_format-post-format-gallery"],"_links":{"self":[{"href":"https:\/\/ipcszeged.hu\/index.php\/wp-json\/wp\/v2\/posts\/738","targetHints":{"allow":["GET"]}}],"collection":[{"href":"https:\/\/ipcszeged.hu\/index.php\/wp-json\/wp\/v2\/posts"}],"about":[{"href":"https:\/\/ipcszeged.hu\/index.php\/wp-json\/wp\/v2\/types\/post"}],"author":[{"embeddable":true,"href":"https:\/\/ipcszeged.hu\/index.php\/wp-json\/wp\/v2\/users\/1"}],"replies":[{"embeddable":true,"href":"https:\/\/ipcszeged.hu\/index.php\/wp-json\/wp\/v2\/comments?post=738"}],"version-history":[{"count":2,"href":"https:\/\/ipcszeged.hu\/index.php\/wp-json\/wp\/v2\/posts\/738\/revisions"}],"predecessor-version":[{"id":971,"href":"https:\/\/ipcszeged.hu\/index.php\/wp-json\/wp\/v2\/posts\/738\/revisions\/971"}],"wp:featuredmedia":[{"embeddable":true,"href":"https:\/\/ipcszeged.hu\/index.php\/wp-json\/wp\/v2\/media\/739"}],"wp:attachment":[{"href":"https:\/\/ipcszeged.hu\/index.php\/wp-json\/wp\/v2\/media?parent=738"}],"wp:term":[{"taxonomy":"category","embeddable":true,"href":"https:\/\/ipcszeged.hu\/index.php\/wp-json\/wp\/v2\/categories?post=738"},{"taxonomy":"post_tag","embeddable":true,"href":"https:\/\/ipcszeged.hu\/index.php\/wp-json\/wp\/v2\/tags?post=738"}],"curies":[{"name":"wp","href":"https:\/\/api.w.org\/{rel}","templated":true}]}}