{"id":7205,"date":"2018-02-12T10:35:39","date_gmt":"2018-02-12T10:35:39","guid":{"rendered":"http:\/\/www.ipcszeged.hu\/?p=7205"},"modified":"2018-02-12T10:35:57","modified_gmt":"2018-02-12T10:35:57","slug":"milyen-a-valodi-imadsag","status":"publish","type":"post","link":"https:\/\/ipcszeged.hu\/index.php\/2018\/02\/12\/milyen-a-valodi-imadsag\/","title":{"rendered":"Milyen a val\u00f3di im\u00e1ds\u00e1g? -777blog.hu"},"content":{"rendered":"<div class=\"post-header\" style=\"text-align: center;\">\n<p><span class=\"cat\"><a href=\"https:\/\/777blog.hu\/konyvajanlo\/\" rel=\"category tag\">K\u00f6nyvaj\u00e1nl\u00f3<\/a><\/span><\/p>\n<h1 class=\"cim entry-title\">Milyen a val\u00f3di im\u00e1ds\u00e1g?<\/h1>\n<\/div>\n<div class=\"post-entry\">\n<p style=\"text-align: justify;\"><em>Olyan sokf\u00e9le t\u00e9ved\u00e9s \u00e9l a fej\u00fcnkben az im\u00e1ds\u00e1ggal kapcsolatban. Valaki egyszer azt mondta: az im\u00e1ds\u00e1g a tehetetlen ember pr\u00f3b\u00e1lkoz\u00e1sa. Egy bizonyos hat\u00e1rig Isten n\u00e9lk\u00fcl, egymagamban is elboldogulok, nincs r\u00e1 sz\u00fcks\u00e9gem. Amikor el\u00e9rkezem a lehet\u0151s\u00e9geim hat\u00e1r\u00e1hoz, \u00e9s tehetetlennek \u00e9rzem magam, akkor megpr\u00f3b\u00e1lom bevonni Istent, \u00e9s elkezdek im\u00e1dkozni. A Biblia eg\u00e9szen m\u00e1st mond az im\u00e1ds\u00e1gr\u00f3l.<span id=\"more-15687\"><\/span><\/em><\/p>\n<p style=\"text-align: justify;\">M\u00e1svalaki \u00fagy fogalmazott: a v\u00e1gyakoz\u00f3 ember ill\u00fazi\u00f3ja. Sok mindenre v\u00e1gyunk, amit a saj\u00e1t er\u0151nkb\u0151l nem tudunk el\u00e9rni, \u00e9s ilyenkor biztatjuk, vigasztaljuk magunkat; pr\u00f3b\u00e1lunk rem\u00e9nykedni abban, hogy t\u00faljutunk a holtponton; az az ill\u00fazi\u00f3, v\u00e1gy, elk\u00e9pzel\u00e9s, hamis rem\u00e9ny \u00e9bred benn\u00fcnk: h\u00e1tha\u2026 H\u00e1tha a j\u00f3 Isten seg\u00edt.<\/p>\n<p style=\"text-align: justify;\">Sokan \u00fagy gondolj\u00e1k, hogy az im\u00e1ds\u00e1g a vall\u00e1sos ember k\u00f6teless\u00e9ge. Egy der\u00e9k vall\u00e1sos embernek im\u00e1dkoznia kell, ez mag\u00e1t\u00f3l \u00e9rtet\u0151dik. Ezzel szerez j\u00f3 pontokat Istenn\u00e9l, vagy esetleg ezzel vezekel b\u0171nei\u00e9rt. Kiszabj\u00e1k r\u00e1 a penitenci\u00e1t: ennyi \u00e9s ennyi miaty\u00e1nkot mondj el! Nem szomor\u00fa, amikor b\u00fcntet\u00e9s lesz az im\u00e1ds\u00e1g? \u00dagy b\u0171nh\u0151d\u00f6m, hogy el kell mondanom az im\u00e1ds\u00e1got. A Biblia eg\u00e9szen m\u00e1st tan\u00edt. J\u00e9zus ima\u00e9lete eg\u00e9szen m\u00e1st t\u00fckr\u00f6z.<\/p>\n<p style=\"text-align: justify;\">A Szent\u00edr\u00e1s azt mondja, hogy az im\u00e1ds\u00e1g nem a tehetetlen ember pr\u00f3b\u00e1lkoz\u00e1sa, nem a v\u00e1gyakoz\u00f3 ill\u00fazi\u00f3ja, \u00e9s m\u00e9g csak nem is vall\u00e1sos k\u00f6teless\u00e9g, amit teljes\u00edteni kell, hanem a gyermek el\u0151joga. Lehet\u0151s\u00e9g, amit csak az tud gyakorolni, aki m\u00e1r gyermek, aki Isten gyermek\u00e9v\u00e9 lett. \u00c9s ki lett azz\u00e1? \u201eAkik pedig befogadj\u00e1k [J\u00e9zust], azokat felhatalmazta arra, hogy Isten gyermekeiv\u00e9 legyenek\u2026\u201d (J\u00e1nos 1,12) Akik az \u0151 nev\u00e9ben hisznek. \u0150k odafordulnak Atyjukhoz, \u00e9s mondj\u00e1k, ami a sz\u00edv\u00fckben van.<\/p>\n<blockquote><p>Akkor is, ha \u00e9ppen nincs mit k\u00e9rni\u00fck? Akkor is! J\u00f3l n\u00e9zn\u00e9nk ki mi sz\u00fcl\u0151k, ha csak akkor \u00e1lln\u00e1nak sz\u00f3ba vel\u00fcnk gyermekeink, amikor valamire sz\u00fcks\u00e9g\u00fck van. A szeretetkapcsolat alapja a p\u00e1rbesz\u00e9d.<\/p><\/blockquote>\n<p style=\"text-align: justify;\">Amikor a feles\u00e9gemnek udvaroltam, \u00e9desany\u00e1m gyakran megk\u00e9rdezte haza\u00e9rkez\u00e9semkor: mit tudtatok \u00f3r\u00e1kon \u00e1t besz\u00e9lgetni? Hirtelen v\u00e1laszolni sem tudtam neki, T\u00e9nyleg, mir\u0151l is besz\u00e9lgett\u00fcnk? Egyszer\u0171en j\u00f3 volt mellette \u00fclni, egym\u00e1sra n\u00e9zni, mindent megvitatni, ami esz\u00fcnkbe jutott. Lehets\u00e9ges, hogy magvas, komoly gondolatok nem is hangzottak el. \u00c9s akkor az egy\u00fctt t\u00f6lt\u00f6tt id\u0151 hi\u00e1baval\u00f3? Nem, egy szeretetbe \u00e1gyazott egy\u00fcttl\u00e9t volt, amiben form\u00e1l\u00f3dott a kapcsolatunk, k\u00e9s\u0151bbi h\u00e1zass\u00e1gunk. Ahol szeretet van, ott besz\u00e9lget\u00e9s van. Nem csup\u00e1n akkor rohanok a m\u00e1sikhoz, amikor seg\u00edts\u00e9gre van sz\u00fcks\u00e9gem.<\/p>\n<p style=\"text-align: justify;\">Eg\u00e9szen hamis \u00e9s torz elk\u00e9pzel\u00e9sek \u00e9lnek sokak fej\u00e9ben az im\u00e1ds\u00e1ggal kapcsolatban, mert nem tudj\u00e1k, mit jelent Isten gyermek\u00e9nek lenni, \u00e9s gyermekk\u00e9nt besz\u00e9lgetni az Aty\u00e1val.<\/p>\n<p style=\"text-align: justify;\">(R\u00e9szlet Cseri K\u00e1lm\u00e1n Miaty\u00e1nk c\u00edm\u0171 k\u00f6nyv\u00e9b\u0151l)<\/p>\n<p>A cikket a k\u00f6vetkez\u0151 linken is el\u00e9rheted: <a href=\"https:\/\/777blog.hu\/2018\/02\/07\/milyen-valodi-imadsag\/\">https:\/\/777blog.hu\/2018\/02\/07\/milyen-valodi-imadsag\/<\/a><\/p>\n<\/div>\n ","protected":false},"excerpt":{"rendered":"<p>K\u00f6nyvaj\u00e1nl\u00f3 Milyen a val\u00f3di im\u00e1ds\u00e1g? Olyan sokf\u00e9le t\u00e9ved\u00e9s \u00e9l a fej\u00fcnkben az im\u00e1ds\u00e1ggal kapcsolatban. Valaki egyszer azt mondta: az im\u00e1ds\u00e1g a tehetetlen ember pr\u00f3b\u00e1lkoz\u00e1sa. Egy bizonyos hat\u00e1rig Isten n\u00e9lk\u00fcl, egymagamban is elboldogulok, nincs r\u00e1 sz\u00fcks\u00e9gem. Amikor el\u00e9rkezem a lehet\u0151s\u00e9geim hat\u00e1r\u00e1hoz, \u00e9s tehetetlennek \u00e9rzem magam, akkor megpr\u00f3b\u00e1lom bevonni Istent, \u00e9s elkezdek im\u00e1dkozni. A Biblia eg\u00e9szen m\u00e1st&hellip; <br \/> <a class=\"read-more\" href=\"https:\/\/ipcszeged.hu\/index.php\/2018\/02\/12\/milyen-a-valodi-imadsag\/\">Read more<\/a><\/p>\n","protected":false},"author":1,"featured_media":7206,"comment_status":"closed","ping_status":"open","sticky":false,"template":"","format":"standard","meta":{"ngg_post_thumbnail":0,"footnotes":""},"categories":[1],"tags":[],"class_list":["post-7205","post","type-post","status-publish","format-standard","has-post-thumbnail","hentry","category-egyeb"],"_links":{"self":[{"href":"https:\/\/ipcszeged.hu\/index.php\/wp-json\/wp\/v2\/posts\/7205","targetHints":{"allow":["GET"]}}],"collection":[{"href":"https:\/\/ipcszeged.hu\/index.php\/wp-json\/wp\/v2\/posts"}],"about":[{"href":"https:\/\/ipcszeged.hu\/index.php\/wp-json\/wp\/v2\/types\/post"}],"author":[{"embeddable":true,"href":"https:\/\/ipcszeged.hu\/index.php\/wp-json\/wp\/v2\/users\/1"}],"replies":[{"embeddable":true,"href":"https:\/\/ipcszeged.hu\/index.php\/wp-json\/wp\/v2\/comments?post=7205"}],"version-history":[{"count":2,"href":"https:\/\/ipcszeged.hu\/index.php\/wp-json\/wp\/v2\/posts\/7205\/revisions"}],"predecessor-version":[{"id":7208,"href":"https:\/\/ipcszeged.hu\/index.php\/wp-json\/wp\/v2\/posts\/7205\/revisions\/7208"}],"wp:featuredmedia":[{"embeddable":true,"href":"https:\/\/ipcszeged.hu\/index.php\/wp-json\/wp\/v2\/media\/7206"}],"wp:attachment":[{"href":"https:\/\/ipcszeged.hu\/index.php\/wp-json\/wp\/v2\/media?parent=7205"}],"wp:term":[{"taxonomy":"category","embeddable":true,"href":"https:\/\/ipcszeged.hu\/index.php\/wp-json\/wp\/v2\/categories?post=7205"},{"taxonomy":"post_tag","embeddable":true,"href":"https:\/\/ipcszeged.hu\/index.php\/wp-json\/wp\/v2\/tags?post=7205"}],"curies":[{"name":"wp","href":"https:\/\/api.w.org\/{rel}","templated":true}]}}