{"id":7135,"date":"2018-01-18T14:08:31","date_gmt":"2018-01-18T14:08:31","guid":{"rendered":"http:\/\/www.ipcszeged.hu\/?p=7135"},"modified":"2018-02-07T15:30:08","modified_gmt":"2018-02-07T15:30:08","slug":"hamarosan-vizre-eresztjuk-az-ujabb-vitorlas-hajonkat-vitorla-kozossegvezeto-kepzes","status":"publish","type":"post","link":"https:\/\/ipcszeged.hu\/index.php\/2018\/01\/18\/hamarosan-vizre-eresztjuk-az-ujabb-vitorlas-hajonkat-vitorla-kozossegvezeto-kepzes\/","title":{"rendered":"Hamarosan v\u00edzre eresztj\u00fck az \u00fajabb vitorl\u00e1s haj\u00f3nkat &#8211; Vitorla K\u00f6z\u00f6ss\u00e9gvezet\u0151 K\u00e9pz\u00e9s"},"content":{"rendered":"<div>\u00c9rdekelnek a fiatalok? Te magad is a fiatalok k\u00f6z\u00e9 tartozol? Fontos neked a Szeged-Csan\u00e1di Egyh\u00e1zmegye j\u00f6v\u0151je?<\/div>\n<div><strong>Jelentkezz Te is a Vitorla K\u00f6z\u00f6ss\u00e9gvezet\u0151 K\u00e9pz\u00e9sre!<\/strong><\/div>\n<div>&nbsp;<\/div>\n<div><strong>Sz\u00e1m\u00edtunk R\u00c1D!<\/strong><\/div>\n<div>&nbsp;<\/div>\n<div>\n<p>Felmer\u00fclt benned n\u00e9h\u00e1ny k\u00e9rd\u00e9s a k\u00e9pz\u00e9ssel kapcsolatban?<\/p>\n<p>Akkor olvass tov\u00e1bb!<\/p>\n<p>&nbsp;<\/p>\n<p><strong>Hogy mit adunk neked?<\/strong><\/p>\n<div>\n<ul>\n<li>m\u00f3dszertani tud\u00e1st<\/li>\n<\/ul>\n<\/div>\n<div>\n<ul>\n<li>egy befogad\u00f3 \u00e9s dinamikus k\u00f6z\u00f6ss\u00e9get<\/li>\n<\/ul>\n<\/div>\n<div>\n<ul>\n<li>lelki \u00e9lm\u00e9nyt<\/li>\n<\/ul>\n<\/div>\n<div>\n<ul>\n<li>nasit az eb\u00e9d \u00e9s vacsi ut\u00e1n<\/li>\n<\/ul>\n<\/div>\n<div>\n<ul>\n<li>seg\u00edts\u00e9get a k\u00f6z\u00f6ss\u00e9g \u00e9p\u00edt\u00e9shez<\/li>\n<\/ul>\n<\/div>\n<div>&nbsp;<\/div>\n<div><strong>Hogy mikor tal\u00e1lkozhatunk?<\/strong><\/div>\n<div><u><br \/>\n<\/u><\/div>\n<\/div>\n<div><b>2018-ban<\/b><\/div>\n<div><b>1.<\/b>&nbsp;m\u00e1rcius 23-24.<\/div>\n<div><b>2<\/b>. \u00e1prilis 27-28.<\/div>\n<div><b>3.<\/b>&nbsp;m\u00e1jus 11-12.<\/div>\n<div><b>4.<\/b>&nbsp;j\u00fanius 15-16.<\/div>\n<div><b>5.&nbsp;<\/b>szeptember 14-15.<\/div>\n<div><b>6.<\/b>&nbsp;okt\u00f3ber 12-13.<\/div>\n<div><b>7.<\/b>&nbsp;november: egyeztet\u00e9s alatt (lelkigyakorlat)<\/div>\n<div>&nbsp;<\/div>\n<div>\n<div><b>2019-ben<\/b><\/div>\n<div><b>8.&nbsp;<\/b>janu\u00e1r 25-26.<\/div>\n<div><b>9.&nbsp;<\/b>febru\u00e1r 22-23.<\/div>\n<div><b>10.&nbsp;<\/b>m\u00e1rcius 29-30.<\/div>\n<div><b>11.<\/b>&nbsp;konferencia: egyeztet\u00e9s alatt<\/div>\n<div>&nbsp;<\/div>\n<div>&nbsp;<\/div>\n<\/div>\n<div><span style=\"color: #ff0000;\"><strong>P\u00f3tjelentkez\u00e9s: 2018. febru\u00e1r 21.<\/strong><\/span><\/div>\n<div>&nbsp;<\/div>\n<h2><a href=\"https:\/\/goo.gl\/forms\/FH7Nbf9tyZHmcLEI3\" target=\"_blank\" rel=\"noopener\"><strong>REGISZTR\u00c1LOK A K\u00c9PZ\u00c9SRE<\/strong><\/a><\/h2>\n<div>&nbsp;<\/div>\n<div>&nbsp;<\/div>\n<div><a href=\"http:\/\/www.ipcszeged.hu\/index.php\/vitorla-2\/vitorla-ii\/nevtelen-4\/\" rel=\"attachment wp-att-6757\"><img loading=\"lazy\" decoding=\"async\" class=\"aligncenter size-full wp-image-6757\" src=\"http:\/\/www.ipcszeged.hu\/wp-content\/uploads\/2017\/11\/N\u00e9vtelen.jpg\" alt=\"\" width=\"1255\" height=\"1682\" srcset=\"https:\/\/ipcszeged.hu\/wp-content\/uploads\/2017\/11\/N\u00e9vtelen.jpg 1255w, https:\/\/ipcszeged.hu\/wp-content\/uploads\/2017\/11\/N\u00e9vtelen-112x150.jpg 112w, https:\/\/ipcszeged.hu\/wp-content\/uploads\/2017\/11\/N\u00e9vtelen-224x300.jpg 224w, https:\/\/ipcszeged.hu\/wp-content\/uploads\/2017\/11\/N\u00e9vtelen-768x1029.jpg 768w\" sizes=\"auto, (max-width: 1255px) 100vw, 1255px\" \/><\/a><\/div>\n<div>&nbsp;<\/div>\n<div><a href=\"http:\/\/www.ipcszeged.hu\/index.php\/2018\/01\/18\/hamarosan-vizre-eresztjuk-az-ujabb-vitorlas-hajonkat-vitorla-kozossegvezeto-kepzes\/vitorla-ii-2\/\" rel=\"attachment wp-att-7138\"><img loading=\"lazy\" decoding=\"async\" class=\"aligncenter size-full wp-image-7138\" src=\"http:\/\/www.ipcszeged.hu\/wp-content\/uploads\/2018\/01\/Vitorla-II..jpeg\" alt=\"\" width=\"707\" height=\"707\" srcset=\"https:\/\/ipcszeged.hu\/wp-content\/uploads\/2018\/01\/Vitorla-II..jpeg 707w, https:\/\/ipcszeged.hu\/wp-content\/uploads\/2018\/01\/Vitorla-II.-150x150.jpeg 150w, https:\/\/ipcszeged.hu\/wp-content\/uploads\/2018\/01\/Vitorla-II.-300x300.jpeg 300w, https:\/\/ipcszeged.hu\/wp-content\/uploads\/2018\/01\/Vitorla-II.-640x640.jpeg 640w\" sizes=\"auto, (max-width: 707px) 100vw, 707px\" \/><\/a><\/div>\n ","protected":false},"excerpt":{"rendered":"<p>\u00c9rdekelnek a fiatalok? Te magad is a fiatalok k\u00f6z\u00e9 tartozol? Fontos neked a Szeged-Csan\u00e1di Egyh\u00e1zmegye j\u00f6v\u0151je? Jelentkezz Te is a Vitorla K\u00f6z\u00f6ss\u00e9gvezet\u0151 K\u00e9pz\u00e9sre! &nbsp; Sz\u00e1m\u00edtunk R\u00c1D! &nbsp; Felmer\u00fclt benned n\u00e9h\u00e1ny k\u00e9rd\u00e9s a k\u00e9pz\u00e9ssel kapcsolatban? Akkor olvass tov\u00e1bb! &nbsp; Hogy mit adunk neked? m\u00f3dszertani tud\u00e1st egy befogad\u00f3 \u00e9s dinamikus k\u00f6z\u00f6ss\u00e9get lelki \u00e9lm\u00e9nyt nasit az eb\u00e9d \u00e9s&hellip; <br \/> <a class=\"read-more\" href=\"https:\/\/ipcszeged.hu\/index.php\/2018\/01\/18\/hamarosan-vizre-eresztjuk-az-ujabb-vitorlas-hajonkat-vitorla-kozossegvezeto-kepzes\/\">Read more<\/a><\/p>\n","protected":false},"author":1,"featured_media":7138,"comment_status":"closed","ping_status":"open","sticky":false,"template":"","format":"standard","meta":{"ngg_post_thumbnail":0,"footnotes":""},"categories":[1],"tags":[],"class_list":["post-7135","post","type-post","status-publish","format-standard","has-post-thumbnail","hentry","category-egyeb"],"_links":{"self":[{"href":"https:\/\/ipcszeged.hu\/index.php\/wp-json\/wp\/v2\/posts\/7135","targetHints":{"allow":["GET"]}}],"collection":[{"href":"https:\/\/ipcszeged.hu\/index.php\/wp-json\/wp\/v2\/posts"}],"about":[{"href":"https:\/\/ipcszeged.hu\/index.php\/wp-json\/wp\/v2\/types\/post"}],"author":[{"embeddable":true,"href":"https:\/\/ipcszeged.hu\/index.php\/wp-json\/wp\/v2\/users\/1"}],"replies":[{"embeddable":true,"href":"https:\/\/ipcszeged.hu\/index.php\/wp-json\/wp\/v2\/comments?post=7135"}],"version-history":[{"count":14,"href":"https:\/\/ipcszeged.hu\/index.php\/wp-json\/wp\/v2\/posts\/7135\/revisions"}],"predecessor-version":[{"id":7192,"href":"https:\/\/ipcszeged.hu\/index.php\/wp-json\/wp\/v2\/posts\/7135\/revisions\/7192"}],"wp:featuredmedia":[{"embeddable":true,"href":"https:\/\/ipcszeged.hu\/index.php\/wp-json\/wp\/v2\/media\/7138"}],"wp:attachment":[{"href":"https:\/\/ipcszeged.hu\/index.php\/wp-json\/wp\/v2\/media?parent=7135"}],"wp:term":[{"taxonomy":"category","embeddable":true,"href":"https:\/\/ipcszeged.hu\/index.php\/wp-json\/wp\/v2\/categories?post=7135"},{"taxonomy":"post_tag","embeddable":true,"href":"https:\/\/ipcszeged.hu\/index.php\/wp-json\/wp\/v2\/tags?post=7135"}],"curies":[{"name":"wp","href":"https:\/\/api.w.org\/{rel}","templated":true}]}}