{"id":7132,"date":"2018-01-11T10:27:39","date_gmt":"2018-01-11T10:27:39","guid":{"rendered":"http:\/\/www.ipcszeged.hu\/?p=7132"},"modified":"2018-01-11T10:27:39","modified_gmt":"2018-01-11T10:27:39","slug":"marcsak-nehany-napod-maradt-gyere-es-toltsd-ki-te-is","status":"publish","type":"post","link":"https:\/\/ipcszeged.hu\/index.php\/2018\/01\/11\/marcsak-nehany-napod-maradt-gyere-es-toltsd-ki-te-is\/","title":{"rendered":"M\u00e1rcsak n\u00e9h\u00e1ny napod maradt!&#8230;. Gyere \u00e9s T\u00f6ltsd ki Te is!"},"content":{"rendered":"<p style=\"text-align: justify;\">2018 \u0151sz\u00e9n nagy esem\u00e9nyre ker\u00fcl sor a katolikus egyh\u00e1zban. Az okt\u00f3berben megrendezend\u0151 p\u00fcsp\u00f6ki szin\u00f3dus f\u0151szerepl\u0151i mi lesz\u00fcnk, a fiatalok! \u00c9lj\u00fcnk b\u00e1rmilyen f\u00f6ldr\u00e9szen, besz\u00e9lj\u00fcnk b\u00e1rmilyen nyelvet, legyen b\u00e1rmilyen a b\u0151rsz\u00edn\u00fcnk, az iskolai v\u00e9gzetts\u00e9g\u00fcnk, Ferenc p\u00e1pa azt \u00fczeni, k\u00edv\u00e1ncsi r\u00e1nk, a v\u00e9lem\u00e9ny\u00fcnkre, arra, hogy milyen egyh\u00e1zban szeretn\u00e9nk \u00e9lni.<\/p>\n<p>A k\u00e9rd\u0151\u00edvet itt tudod kit\u00f6lteni: <a href=\"http:\/\/szia.katolikus.hu\/\">http:\/\/szia.katolikus.hu\/<\/a><\/p>\n ","protected":false},"excerpt":{"rendered":"<p>2018 \u0151sz\u00e9n nagy esem\u00e9nyre ker\u00fcl sor a katolikus egyh\u00e1zban. Az okt\u00f3berben megrendezend\u0151 p\u00fcsp\u00f6ki szin\u00f3dus f\u0151szerepl\u0151i mi lesz\u00fcnk, a fiatalok! \u00c9lj\u00fcnk b\u00e1rmilyen f\u00f6ldr\u00e9szen, besz\u00e9lj\u00fcnk b\u00e1rmilyen nyelvet, legyen b\u00e1rmilyen a b\u0151rsz\u00edn\u00fcnk, az iskolai v\u00e9gzetts\u00e9g\u00fcnk, Ferenc p\u00e1pa azt \u00fczeni, k\u00edv\u00e1ncsi r\u00e1nk, a v\u00e9lem\u00e9ny\u00fcnkre, arra, hogy milyen egyh\u00e1zban szeretn\u00e9nk \u00e9lni. A k\u00e9rd\u0151\u00edvet itt tudod kit\u00f6lteni: http:\/\/szia.katolikus.hu\/<\/p>\n","protected":false},"author":1,"featured_media":6733,"comment_status":"closed","ping_status":"open","sticky":false,"template":"","format":"standard","meta":{"ngg_post_thumbnail":0,"footnotes":""},"categories":[1],"tags":[],"class_list":["post-7132","post","type-post","status-publish","format-standard","has-post-thumbnail","hentry","category-egyeb"],"_links":{"self":[{"href":"https:\/\/ipcszeged.hu\/index.php\/wp-json\/wp\/v2\/posts\/7132","targetHints":{"allow":["GET"]}}],"collection":[{"href":"https:\/\/ipcszeged.hu\/index.php\/wp-json\/wp\/v2\/posts"}],"about":[{"href":"https:\/\/ipcszeged.hu\/index.php\/wp-json\/wp\/v2\/types\/post"}],"author":[{"embeddable":true,"href":"https:\/\/ipcszeged.hu\/index.php\/wp-json\/wp\/v2\/users\/1"}],"replies":[{"embeddable":true,"href":"https:\/\/ipcszeged.hu\/index.php\/wp-json\/wp\/v2\/comments?post=7132"}],"version-history":[{"count":1,"href":"https:\/\/ipcszeged.hu\/index.php\/wp-json\/wp\/v2\/posts\/7132\/revisions"}],"predecessor-version":[{"id":7133,"href":"https:\/\/ipcszeged.hu\/index.php\/wp-json\/wp\/v2\/posts\/7132\/revisions\/7133"}],"wp:featuredmedia":[{"embeddable":true,"href":"https:\/\/ipcszeged.hu\/index.php\/wp-json\/wp\/v2\/media\/6733"}],"wp:attachment":[{"href":"https:\/\/ipcszeged.hu\/index.php\/wp-json\/wp\/v2\/media?parent=7132"}],"wp:term":[{"taxonomy":"category","embeddable":true,"href":"https:\/\/ipcszeged.hu\/index.php\/wp-json\/wp\/v2\/categories?post=7132"},{"taxonomy":"post_tag","embeddable":true,"href":"https:\/\/ipcszeged.hu\/index.php\/wp-json\/wp\/v2\/tags?post=7132"}],"curies":[{"name":"wp","href":"https:\/\/api.w.org\/{rel}","templated":true}]}}