{"id":7128,"date":"2018-01-09T15:05:40","date_gmt":"2018-01-09T15:05:40","guid":{"rendered":"http:\/\/www.ipcszeged.hu\/?p=7128"},"modified":"2018-01-09T15:06:11","modified_gmt":"2018-01-09T15:06:11","slug":"fiatalok-unnepe-a-szaleziaknal","status":"publish","type":"post","link":"https:\/\/ipcszeged.hu\/index.php\/2018\/01\/09\/fiatalok-unnepe-a-szaleziaknal\/","title":{"rendered":"Fiatalok \u00fcnnepe a Szal\u00e9ziakn\u00e1l"},"content":{"rendered":"<p style=\"text-align: center;\">M\u00e1sodik alkalommal ker\u00fcl megrendez\u00e9sre a<br \/>\n<strong>FIATALOK \u00dcNNEPE<br \/>\n<\/strong><em>Don Bosco<\/em> \u00e9gi sz\u00fclet\u00e9snapja alkalm\u00e1b\u00f3l.<\/p>\n<p>&nbsp;<\/p>\n<table class=\" aligncenter\">\n<tbody>\n<tr>\n<td><a href=\"https:\/\/docs.google.com\/forms\/d\/e\/1FAIpQLSf3ub9OpuKMBBkIb76UXC6AqzcohvodbIC1qf0uW8KZJIumzg\/viewform\" target=\"_blank\" rel=\"noopener\"><img loading=\"lazy\" decoding=\"async\" class=\"alignleft wp-image-1563\" src=\"http:\/\/szalim.hu\/mozgalom\/wp-content\/uploads\/2018\/01\/plakat-12-KICSI-212x300.jpg\" sizes=\"auto, (max-width: 302px) 100vw, 302px\" srcset=\"http:\/\/szalim.hu\/mozgalom\/wp-content\/uploads\/2018\/01\/plakat-12-KICSI-212x300.jpg 212w, http:\/\/szalim.hu\/mozgalom\/wp-content\/uploads\/2018\/01\/plakat-12-KICSI-725x1024.jpg 725w, http:\/\/szalim.hu\/mozgalom\/wp-content\/uploads\/2018\/01\/plakat-12-KICSI.jpg 738w\" alt=\"\" width=\"302\" height=\"428\"><\/a><\/td>\n<td><strong>D\u00e1tum: 2018. janu\u00e1r 27.<\/strong><\/p>\n<p>&nbsp;<\/p>\n<p>Helysz\u00edn:<br \/>\nZaff\u00e9ry K\u00e1roly Szal\u00e9zi K\u00f6z\u00e9piskola<br \/>\n<em>(2536 Nyerges\u00fajfalu, Kossuth Lajos utca 63.)<\/em><\/p>\n<p>R\u00e9szv\u00e9teli k\u00f6lts\u00e9g: 2.000 Ft.\/f\u0151<\/p>\n<p>&nbsp;<\/p>\n<p><strong>27-e est\u00e9re<\/strong>, akinek sz\u00fcks\u00e9ge van r\u00e1,&nbsp; <strong>tudunk sz\u00e1ll\u00e1st biztos\u00edtani<\/strong>.<\/p>\n<p><em>Jelentkez\u00e9s a <\/em>plak\u00e1tra kattint\u00e1ssal<i>&nbsp;janu\u00e1r 21-ig<\/i><\/td>\n<\/tr>\n<\/tbody>\n<\/table>\n<p>&nbsp;<\/p>\n<p style=\"text-align: justify;\">A Fiatalok \u00dcnnepe <strong>11 \u00f3rakor kezd\u0151dik<\/strong> az \u00fcnnepi <strong>szentmis\u00e9vel,<\/strong> ut\u00e1na <strong>\u00fcnnepi m\u0171sor<\/strong> lesz a Zaff\u00e9ry K\u00e1roly Szal\u00e9zi K\u00f6z\u00e9piskola tornaterm\u00e9ben, majd mindenkit szeretettel v\u00e1runk az <strong>\u00e1ll\u00f3fogad\u00e1sos eb\u00e9d<\/strong>re.<\/p>\n<p style=\"text-align: justify;\">D\u00e9lut\u00e1n 15.00 \u00f3rakor kezd\u0151dnek <strong>kreat\u00edv programok<\/strong>, melyek k\u00f6z\u00fcl mindenki \u00e9rdekl\u0151d\u00e9si k\u00f6re, <em><strong>kedve szerint v\u00e1laszthat<\/strong><\/em>. Az \u00fcnnepet <strong>koncerttel z\u00e1rjuk<\/strong>.<\/p>\n<p style=\"text-align: justify;\">A program hivatalosan este 21.00 \u00f3rakor z\u00e1rul (ilyenkor indulnak buszok Nyerges\u00fajfalur\u00f3l Dorog illetve Tatab\u00e1nya fel\u00e9).<\/p>\n<p style=\"text-align: justify;\">Van lehet\u0151s\u00e9g az <strong>iskol\u00e1ban<\/strong> is <strong>aludni<\/strong>, tantermekben (h\u00e1l\u00f3zs\u00e1k, polifoam sz\u00fcks\u00e9ges).<\/p>\n<p style=\"text-align: justify;\">A 21.00 \u00f3rai z\u00e1r\u00e1s ut\u00e1n <strong>teah\u00e1z<\/strong> \u00e9s egy\u00e9b csendesebb programok v\u00e1rj\u00e1k a r\u00e9sztvev\u0151ket.<\/p>\n<p style=\"text-align: justify;\">Vas\u00e1rnap sajnos nem tudunk reggelit biztos\u00edtani. Aki szeretne vas\u00e1rnapi szentmis\u00e9n r\u00e9szt venni, 10.30-kor van a nyerges\u00fajfalui templomban erre lehet\u0151s\u00e9g. Az iskol\u00e1t legk\u00e9s\u0151bb d\u00e9lig kell elhagyni minden r\u00e9sztvev\u0151nek.<\/p>\n<p>Forr\u00e1s: <a href=\"http:\/\/szalim.hu\/mozgalom\/events\/fiatalok-unnepe-2018\/\">http:\/\/szalim.hu\/mozgalom\/events\/fiatalok-unnepe-2018\/<\/a><\/p>\n ","protected":false},"excerpt":{"rendered":"<p>M\u00e1sodik alkalommal ker\u00fcl megrendez\u00e9sre a FIATALOK \u00dcNNEPE Don Bosco \u00e9gi sz\u00fclet\u00e9snapja alkalm\u00e1b\u00f3l. &nbsp; D\u00e1tum: 2018. janu\u00e1r 27. &nbsp; Helysz\u00edn: Zaff\u00e9ry K\u00e1roly Szal\u00e9zi K\u00f6z\u00e9piskola (2536 Nyerges\u00fajfalu, Kossuth Lajos utca 63.) R\u00e9szv\u00e9teli k\u00f6lts\u00e9g: 2.000 Ft.\/f\u0151 &nbsp; 27-e est\u00e9re, akinek sz\u00fcks\u00e9ge van r\u00e1,&nbsp; tudunk sz\u00e1ll\u00e1st biztos\u00edtani. Jelentkez\u00e9s a plak\u00e1tra kattint\u00e1ssal&nbsp;janu\u00e1r 21-ig &nbsp; A Fiatalok \u00dcnnepe 11 \u00f3rakor kezd\u0151dik&hellip; <br \/> <a class=\"read-more\" href=\"https:\/\/ipcszeged.hu\/index.php\/2018\/01\/09\/fiatalok-unnepe-a-szaleziaknal\/\">Read more<\/a><\/p>\n","protected":false},"author":1,"featured_media":7129,"comment_status":"closed","ping_status":"open","sticky":false,"template":"","format":"standard","meta":{"ngg_post_thumbnail":0,"footnotes":""},"categories":[1],"tags":[],"class_list":["post-7128","post","type-post","status-publish","format-standard","has-post-thumbnail","hentry","category-egyeb"],"_links":{"self":[{"href":"https:\/\/ipcszeged.hu\/index.php\/wp-json\/wp\/v2\/posts\/7128","targetHints":{"allow":["GET"]}}],"collection":[{"href":"https:\/\/ipcszeged.hu\/index.php\/wp-json\/wp\/v2\/posts"}],"about":[{"href":"https:\/\/ipcszeged.hu\/index.php\/wp-json\/wp\/v2\/types\/post"}],"author":[{"embeddable":true,"href":"https:\/\/ipcszeged.hu\/index.php\/wp-json\/wp\/v2\/users\/1"}],"replies":[{"embeddable":true,"href":"https:\/\/ipcszeged.hu\/index.php\/wp-json\/wp\/v2\/comments?post=7128"}],"version-history":[{"count":2,"href":"https:\/\/ipcszeged.hu\/index.php\/wp-json\/wp\/v2\/posts\/7128\/revisions"}],"predecessor-version":[{"id":7131,"href":"https:\/\/ipcszeged.hu\/index.php\/wp-json\/wp\/v2\/posts\/7128\/revisions\/7131"}],"wp:featuredmedia":[{"embeddable":true,"href":"https:\/\/ipcszeged.hu\/index.php\/wp-json\/wp\/v2\/media\/7129"}],"wp:attachment":[{"href":"https:\/\/ipcszeged.hu\/index.php\/wp-json\/wp\/v2\/media?parent=7128"}],"wp:term":[{"taxonomy":"category","embeddable":true,"href":"https:\/\/ipcszeged.hu\/index.php\/wp-json\/wp\/v2\/categories?post=7128"},{"taxonomy":"post_tag","embeddable":true,"href":"https:\/\/ipcszeged.hu\/index.php\/wp-json\/wp\/v2\/tags?post=7128"}],"curies":[{"name":"wp","href":"https:\/\/api.w.org\/{rel}","templated":true}]}}