{"id":6954,"date":"2017-12-14T10:05:32","date_gmt":"2017-12-14T10:05:32","guid":{"rendered":"http:\/\/www.ipcszeged.hu\/?p=6954"},"modified":"2017-12-14T10:18:38","modified_gmt":"2017-12-14T10:18:38","slug":"gyujts-ejszakankba-fenyt-2017-utolso-face2face-e","status":"publish","type":"post","link":"https:\/\/ipcszeged.hu\/index.php\/2017\/12\/14\/gyujts-ejszakankba-fenyt-2017-utolso-face2face-e\/","title":{"rendered":"Gy\u00fajts \u00c9jszak\u00e1nkba F\u00e9nyt &#8211; 2017 utols\u00f3 face2Face-e"},"content":{"rendered":"<p style=\"text-align: justify;\">A mostani alkalommal egy Taiz\u00e9- ima\u00f3r\u00e1ba kapcsol\u00f3dhattak be a r\u00e9sztvev\u0151k az Adventi id\u0151szak face2Face alkalm\u00e1n. A&nbsp; helysz\u00edn ism\u00e9t a Szent J\u00f3zsef Jezsuita templom volt, ahov\u00e1 k\u00f6zel 100-an gy\u0171ltek \u00f6ssze. A sz\u00ednes \u00e9s dallamos taiz\u00e9 \u00e9nekek hangz\u00e1sa mellett Thorday Attila atya elm\u00e9lked\u00e9s\u00e9t halhatt\u00e1k a r\u00e9sztvev\u0151k, akiknek folyamatos gy\u00f3n\u00e1si lehet\u0151s\u00e9get is biztos\u00edtottak a gy\u00f3ntat\u00f3 aty\u00e1k. Az ima\u00f3ra ut\u00e1n egy r\u00f6vid forraltborozgat\u00e1sra h\u00edvt\u00e1k a jelenl\u00e9v\u0151ket, \u00e9s egy j\u00f3 besz\u00e9lget\u00e9ssel z\u00e1rult az este.<\/p>\n<p>&nbsp;<\/p>\n<p>A fot\u00f3kat k\u00f6sz\u00f6nj\u00fck Kiss Gergelynek!<\/p>\n<p>&nbsp;<\/p>\nngg_shortcode_0_placeholder\n ","protected":false},"excerpt":{"rendered":"<p>A mostani alkalommal egy Taiz\u00e9- ima\u00f3r\u00e1ba kapcsol\u00f3dhattak be a r\u00e9sztvev\u0151k az Adventi id\u0151szak face2Face alkalm\u00e1n. A&nbsp; helysz\u00edn ism\u00e9t a Szent J\u00f3zsef Jezsuita templom volt, ahov\u00e1 k\u00f6zel 100-an gy\u0171ltek \u00f6ssze. A sz\u00ednes \u00e9s dallamos taiz\u00e9 \u00e9nekek hangz\u00e1sa mellett Thorday Attila atya elm\u00e9lked\u00e9s\u00e9t halhatt\u00e1k a r\u00e9sztvev\u0151k, akiknek folyamatos gy\u00f3n\u00e1si lehet\u0151s\u00e9get is biztos\u00edtottak a gy\u00f3ntat\u00f3 aty\u00e1k. Az ima\u00f3ra&hellip; <br \/> <a class=\"read-more\" href=\"https:\/\/ipcszeged.hu\/index.php\/2017\/12\/14\/gyujts-ejszakankba-fenyt-2017-utolso-face2face-e\/\">Read more<\/a><\/p>\n","protected":false},"author":1,"featured_media":7032,"comment_status":"closed","ping_status":"open","sticky":false,"template":"","format":"standard","meta":{"ngg_post_thumbnail":0,"footnotes":""},"categories":[1],"tags":[],"class_list":["post-6954","post","type-post","status-publish","format-standard","has-post-thumbnail","hentry","category-egyeb"],"_links":{"self":[{"href":"https:\/\/ipcszeged.hu\/index.php\/wp-json\/wp\/v2\/posts\/6954","targetHints":{"allow":["GET"]}}],"collection":[{"href":"https:\/\/ipcszeged.hu\/index.php\/wp-json\/wp\/v2\/posts"}],"about":[{"href":"https:\/\/ipcszeged.hu\/index.php\/wp-json\/wp\/v2\/types\/post"}],"author":[{"embeddable":true,"href":"https:\/\/ipcszeged.hu\/index.php\/wp-json\/wp\/v2\/users\/1"}],"replies":[{"embeddable":true,"href":"https:\/\/ipcszeged.hu\/index.php\/wp-json\/wp\/v2\/comments?post=6954"}],"version-history":[{"count":6,"href":"https:\/\/ipcszeged.hu\/index.php\/wp-json\/wp\/v2\/posts\/6954\/revisions"}],"predecessor-version":[{"id":7113,"href":"https:\/\/ipcszeged.hu\/index.php\/wp-json\/wp\/v2\/posts\/6954\/revisions\/7113"}],"wp:featuredmedia":[{"embeddable":true,"href":"https:\/\/ipcszeged.hu\/index.php\/wp-json\/wp\/v2\/media\/7032"}],"wp:attachment":[{"href":"https:\/\/ipcszeged.hu\/index.php\/wp-json\/wp\/v2\/media?parent=6954"}],"wp:term":[{"taxonomy":"category","embeddable":true,"href":"https:\/\/ipcszeged.hu\/index.php\/wp-json\/wp\/v2\/categories?post=6954"},{"taxonomy":"post_tag","embeddable":true,"href":"https:\/\/ipcszeged.hu\/index.php\/wp-json\/wp\/v2\/tags?post=6954"}],"curies":[{"name":"wp","href":"https:\/\/api.w.org\/{rel}","templated":true}]}}