{"id":6943,"date":"2017-12-08T10:27:08","date_gmt":"2017-12-08T10:27:08","guid":{"rendered":"http:\/\/www.ipcszeged.hu\/?p=6943"},"modified":"2017-12-08T10:33:39","modified_gmt":"2017-12-08T10:33:39","slug":"gyujts-ejszakankba-fenyt","status":"publish","type":"post","link":"https:\/\/ipcszeged.hu\/index.php\/2017\/12\/08\/gyujts-ejszakankba-fenyt\/","title":{"rendered":"Gy\u00fajts \u00e9jszak\u00e1nkba f\u00e9nyt"},"content":{"rendered":"<h3 style=\"text-align: center;\">Face 2 Face<\/h3>\n<h3 style=\"text-align: center;\">&#8220;Gy\u00fajts \u00e9jszak\u00e1nkba f\u00e9nyt!&#8221;<\/h3>\n<p style=\"text-align: center;\">&nbsp;<\/p>\n<h4 style=\"text-align: center;\">2017. december 13.<\/h4>\n<h4 style=\"text-align: center;\">Helysz\u00edn: Szent J\u00f3zsef Jezsuita Templom<\/h4>\n<h4 style=\"text-align: center;\">19:30 &#8211; 20:30<\/h4>\n<h4 style=\"text-align: center;\">Gy\u00fclekez\u0151: 19:00 &#8211; t\u00f3l<\/h4>\n<p><a href=\"http:\/\/www.ipcszeged.hu\/index.php\/2017\/12\/08\/gyujts-ejszakankba-fenyt\/face_2_face_plakat_a3_20171213\/\" rel=\"attachment wp-att-6945\"><img loading=\"lazy\" decoding=\"async\" class=\"aligncenter size-full wp-image-6945\" src=\"http:\/\/www.ipcszeged.hu\/wp-content\/uploads\/2017\/12\/face_2_face_plakat_A3_20171213.jpg\" alt=\"\" width=\"2982\" height=\"4193\" srcset=\"https:\/\/ipcszeged.hu\/wp-content\/uploads\/2017\/12\/face_2_face_plakat_A3_20171213.jpg 2982w, https:\/\/ipcszeged.hu\/wp-content\/uploads\/2017\/12\/face_2_face_plakat_A3_20171213-107x150.jpg 107w, https:\/\/ipcszeged.hu\/wp-content\/uploads\/2017\/12\/face_2_face_plakat_A3_20171213-213x300.jpg 213w, https:\/\/ipcszeged.hu\/wp-content\/uploads\/2017\/12\/face_2_face_plakat_A3_20171213-768x1080.jpg 768w\" sizes=\"auto, (max-width: 2982px) 100vw, 2982px\" \/><\/a><\/p>\n<p>&nbsp;<\/p>\n<p>&nbsp;<\/p>\n ","protected":false},"excerpt":{"rendered":"<p>Face 2 Face &#8220;Gy\u00fajts \u00e9jszak\u00e1nkba f\u00e9nyt!&#8221; &nbsp; 2017. december 13. Helysz\u00edn: Szent J\u00f3zsef Jezsuita Templom 19:30 &#8211; 20:30 Gy\u00fclekez\u0151: 19:00 &#8211; t\u00f3l &nbsp; &nbsp;<\/p>\n","protected":false},"author":1,"featured_media":6948,"comment_status":"closed","ping_status":"open","sticky":false,"template":"","format":"standard","meta":{"ngg_post_thumbnail":0,"footnotes":""},"categories":[1],"tags":[],"class_list":["post-6943","post","type-post","status-publish","format-standard","has-post-thumbnail","hentry","category-egyeb"],"_links":{"self":[{"href":"https:\/\/ipcszeged.hu\/index.php\/wp-json\/wp\/v2\/posts\/6943","targetHints":{"allow":["GET"]}}],"collection":[{"href":"https:\/\/ipcszeged.hu\/index.php\/wp-json\/wp\/v2\/posts"}],"about":[{"href":"https:\/\/ipcszeged.hu\/index.php\/wp-json\/wp\/v2\/types\/post"}],"author":[{"embeddable":true,"href":"https:\/\/ipcszeged.hu\/index.php\/wp-json\/wp\/v2\/users\/1"}],"replies":[{"embeddable":true,"href":"https:\/\/ipcszeged.hu\/index.php\/wp-json\/wp\/v2\/comments?post=6943"}],"version-history":[{"count":3,"href":"https:\/\/ipcszeged.hu\/index.php\/wp-json\/wp\/v2\/posts\/6943\/revisions"}],"predecessor-version":[{"id":6949,"href":"https:\/\/ipcszeged.hu\/index.php\/wp-json\/wp\/v2\/posts\/6943\/revisions\/6949"}],"wp:featuredmedia":[{"embeddable":true,"href":"https:\/\/ipcszeged.hu\/index.php\/wp-json\/wp\/v2\/media\/6948"}],"wp:attachment":[{"href":"https:\/\/ipcszeged.hu\/index.php\/wp-json\/wp\/v2\/media?parent=6943"}],"wp:term":[{"taxonomy":"category","embeddable":true,"href":"https:\/\/ipcszeged.hu\/index.php\/wp-json\/wp\/v2\/categories?post=6943"},{"taxonomy":"post_tag","embeddable":true,"href":"https:\/\/ipcszeged.hu\/index.php\/wp-json\/wp\/v2\/tags?post=6943"}],"curies":[{"name":"wp","href":"https:\/\/api.w.org\/{rel}","templated":true}]}}