{"id":6910,"date":"2017-12-02T18:00:44","date_gmt":"2017-12-02T18:00:44","guid":{"rendered":"http:\/\/www.ipcszeged.hu\/?p=6910"},"modified":"2017-12-01T09:41:08","modified_gmt":"2017-12-01T09:41:08","slug":"adventi-fuzet-2017","status":"publish","type":"post","link":"https:\/\/ipcszeged.hu\/index.php\/2017\/12\/02\/adventi-fuzet-2017\/","title":{"rendered":"Adventi F\u00fczet 2017"},"content":{"rendered":"<p>&nbsp;<\/p>\n<p style=\"text-align: center;\"><strong>Betlehemi kell\u00e9kek: P\u00f3lya \u00e9s J\u00e1szol<\/strong><\/p>\n<p style=\"text-align: center;\">Milyen j\u00f3 volt J\u00e9zusnak a Szent Sz\u0171z sz\u00edve alatt a meleg \u00e9s puha \u201eotthon\u201d! Sz\u00edve anyja sz\u00edv\u00e9nek ritmus\u00e1t veszi \u00e1t, neki csak n\u00f6vekednie kellett. \u00c9s elj\u00f6tt a sz\u00fclet\u00e9s az \u00e9jszak\u00e1ja. V\u00e9ge a meleg otthonnak. Egy hideg \u00e9s s\u00f6t\u00e9t ist\u00e1ll\u00f3 veszi k\u00f6r\u00fcl. Hogy kell a meleg p\u00f3lya \u00e9s az \u00e9desanya \u00f6lel\u00e9se! Magamban hallom \u00e9vtizedekkel k\u00e9s\u0151bbi mondat\u00e1t: \u201eB\u00e1rmit tesztek az emberek k\u00f6z\u00fcl, ak\u00e1r a legkisebbeknek, nekem teszitek.\u201d L\u00e1tom a sz\u00fcl\u00e9s el\u0151tt meg\u00f6lt picik t\u00e1bor\u00e1t, s&nbsp; hallom: velem teszitek. L\u00e1tom az \u00e9desanya eml\u0151j\u00e9n szeretetet \u00e9s t\u00e1pl\u00e1l\u00e9kot kap\u00f3, szuszog\u00f3 kicsit. Velem<br \/>\nteszed. Ott vannak a csontra-b\u0151rre aszal\u00f3dott, \u00e9hes gyermekek. Ter\u00e9z anya \u00e1ltal utc\u00e1n tal\u00e1lt, kidobott gyermekek, olykor csecsem\u0151k. Velem tett\u00e9tek! Ott vannak a minden dr\u00e1g\u00e1val felruh\u00e1zott kicsik, csak \u00e9ppen nincs \u201eideje\u201d a sz\u00fcl\u0151knek vel\u00fck foglalkozni, szeretetet adni, mert lek\u00f6ti \u0151ket a munka, a t\u00e1rsas\u00e1g, az ital vagy drog\u2026 Nekem nem tett\u00e9tek\u2026 H\u00e1ny helyen megtanul egy gyermek viccesen tr\u00e1g\u00e1r mondatokat, de sz\u00edvb\u0151l j\u00f6v\u0151 Istent dics\u00e9r\u0151 im\u00e1t<br \/>\nnem. M\u00e1ria engem megtan\u00edtott im\u00e1dkozni. Mennyei Aty\u00e1m v\u00e1rta is. Dr\u00e1ga SZ\u00dcL\u0150K, amit tesztek, Nekem teszitek.<br \/>\nNem sok minden van az \u201eist\u00e1ll\u00f3-sz\u00fcl\u0151szob\u00e1ban\u201d, de egy j\u00e1szol az\u00e9rt akad. M\u00e1ria sz\u00edve majd megszakad, csak ennyit tud ny\u00fajtani, de hozz\u00e1adja anyai meleg szeretet\u00e9t is. \u00c9rdekes, hogy a p\u00e1sztoroknak ez lesz a jel, amir\u0151l felismerik.<br \/>\nN\u00e9zzetek Engem itt! Szeg\u00e9ny vagyok, csak j\u00e1szol van itt, az sem az eny\u00e9m. A p\u00e1sztorok ezt-azt hoznak, hogy \u00e9desany\u00e1mnak legyen teje engem megetetni. \u00c9s n\u00e9zzetek sz\u00e9t ott, ahol ti laktok! K\u00e9nyelem, \u00e1gy, takar\u00f3, \u00f3 mennyi ruha, \u00e9tel a h\u0171t\u0151ben, dr\u00e1ga aj\u00e1nd\u00e9k, tal\u00e1n nem is a sz\u00edv szeretet\u00e9b\u0151l, csak szok\u00e1sb\u00f3l, meg h\u00e1t \u0151k is adnak. \u00c9s n\u00e9zzetek ki a ti kis vil\u00e1gotokon t\u00falra! H\u00e1ny hideg szoba, v\u00e1sott ruha, cip\u0151. Nincs villanyf\u00e9ny, mert nincs p\u00e9nz a villany\u00f3r\u00e1ba k\u00e1rty\u00e1t venni, hogy legal\u00e1bb ma vil\u00e1gos legyen. Tal\u00e1n egy p\u00e1r falat keny\u00e9r ad\u00f3dik m\u00e9g, de a<br \/>\ngyerekeknek legal\u00e1bb n\u00e9h\u00e1ny szem szaloncukor, az most sincs. \u00c9s mosoly, \u00f6r\u00f6m, \u00e9nek, ima? Az sincs,<br \/>\na szeg\u00e9nys\u00e9g azt is fel\u00e9lte. Koldus \u00e9s kir\u00e1lyfi r\u00e9gen mese volt. Tal\u00e1n \u00e9letforma lett? Nem lehetne szebb\u00e9<br \/>\ntenni sokak, m\u00e1sok kar\u00e1csony\u00e1t nektek is?<\/p>\n<p style=\"text-align: center;\">Advent? P\u00f3lya? Szeretet. M\u00e9cs vers\u00e9t \u00e9rdemes elolvasni. (Anya kell.)<\/p>\n<p style=\"text-align: center;\">Advent? J\u00e1szol? N\u00e9zd otthonodat \u00e9s a n\u00e9lk\u00fcl\u00f6z\u0151k\u00e9t!<\/p>\n<p style=\"text-align: center;\">Ne feledd, b\u00e1rmit teszel egynek az emberek k\u00f6z\u00fcl, Nekem teszed!!!<\/p>\n<h5>&nbsp;<\/h5>\n<h5 style=\"text-align: center;\">Gyulay Endre<\/h5>\n<p>&nbsp;<\/p>\n<h3><a href=\"http:\/\/www.ipcszeged.hu\/index.php\/advent-2017\/adventifuzet1-2017\/\" target=\"_blank\" rel=\"attachment noopener wp-att-6908\">A F\u00fczet teljes v\u00e1ltozata let\u00f6lthet\u0151: Adventif\u00fczet 2017<\/a><\/h3>\n<p class=\"hide-if-no-js\">&nbsp;<\/p>\n ","protected":false},"excerpt":{"rendered":"<p>&nbsp; Betlehemi kell\u00e9kek: P\u00f3lya \u00e9s J\u00e1szol Milyen j\u00f3 volt J\u00e9zusnak a Szent Sz\u0171z sz\u00edve alatt a meleg \u00e9s puha \u201eotthon\u201d! Sz\u00edve anyja sz\u00edv\u00e9nek ritmus\u00e1t veszi \u00e1t, neki csak n\u00f6vekednie kellett. \u00c9s elj\u00f6tt a sz\u00fclet\u00e9s az \u00e9jszak\u00e1ja. V\u00e9ge a meleg otthonnak. Egy hideg \u00e9s s\u00f6t\u00e9t ist\u00e1ll\u00f3 veszi k\u00f6r\u00fcl. Hogy kell a meleg p\u00f3lya \u00e9s az \u00e9desanya&hellip; <br \/> <a class=\"read-more\" href=\"https:\/\/ipcszeged.hu\/index.php\/2017\/12\/02\/adventi-fuzet-2017\/\">Read more<\/a><\/p>\n","protected":false},"author":1,"featured_media":6911,"comment_status":"closed","ping_status":"open","sticky":false,"template":"","format":"standard","meta":{"ngg_post_thumbnail":0,"footnotes":""},"categories":[1],"tags":[],"class_list":["post-6910","post","type-post","status-publish","format-standard","has-post-thumbnail","hentry","category-egyeb"],"_links":{"self":[{"href":"https:\/\/ipcszeged.hu\/index.php\/wp-json\/wp\/v2\/posts\/6910","targetHints":{"allow":["GET"]}}],"collection":[{"href":"https:\/\/ipcszeged.hu\/index.php\/wp-json\/wp\/v2\/posts"}],"about":[{"href":"https:\/\/ipcszeged.hu\/index.php\/wp-json\/wp\/v2\/types\/post"}],"author":[{"embeddable":true,"href":"https:\/\/ipcszeged.hu\/index.php\/wp-json\/wp\/v2\/users\/1"}],"replies":[{"embeddable":true,"href":"https:\/\/ipcszeged.hu\/index.php\/wp-json\/wp\/v2\/comments?post=6910"}],"version-history":[{"count":2,"href":"https:\/\/ipcszeged.hu\/index.php\/wp-json\/wp\/v2\/posts\/6910\/revisions"}],"predecessor-version":[{"id":6913,"href":"https:\/\/ipcszeged.hu\/index.php\/wp-json\/wp\/v2\/posts\/6910\/revisions\/6913"}],"wp:featuredmedia":[{"embeddable":true,"href":"https:\/\/ipcszeged.hu\/index.php\/wp-json\/wp\/v2\/media\/6911"}],"wp:attachment":[{"href":"https:\/\/ipcszeged.hu\/index.php\/wp-json\/wp\/v2\/media?parent=6910"}],"wp:term":[{"taxonomy":"category","embeddable":true,"href":"https:\/\/ipcszeged.hu\/index.php\/wp-json\/wp\/v2\/categories?post=6910"},{"taxonomy":"post_tag","embeddable":true,"href":"https:\/\/ipcszeged.hu\/index.php\/wp-json\/wp\/v2\/tags?post=6910"}],"curies":[{"name":"wp","href":"https:\/\/api.w.org\/{rel}","templated":true}]}}