{"id":6730,"date":"2017-11-15T10:04:39","date_gmt":"2017-11-15T10:04:39","guid":{"rendered":"http:\/\/www.ipcszeged.hu\/?p=6730"},"modified":"2017-11-15T13:02:34","modified_gmt":"2017-11-15T13:02:34","slug":"szia-2018-szinodus-a-fiatalokert","status":"publish","type":"post","link":"https:\/\/ipcszeged.hu\/index.php\/2017\/11\/15\/szia-2018-szinodus-a-fiatalokert\/","title":{"rendered":"SZIA! 2018 &#8211; Szin\u00f3dus A Fiatalok\u00e9rt"},"content":{"rendered":"<h3 style=\"text-align: center;\"><b>Hallottad?<\/b><\/h3>\n<p><a href=\"http:\/\/www.ipcszeged.hu\/index.php\/szia-2018-szinodus-a-fiatalokert\/szia2018\/\" rel=\"attachment wp-att-6727\"><img loading=\"lazy\" decoding=\"async\" class=\"aligncenter wp-image-6727 size-full\" src=\"http:\/\/www.ipcszeged.hu\/wp-content\/uploads\/2017\/11\/szia2018.jpg\" sizes=\"auto, (max-width: 1303px) 100vw, 1303px\" srcset=\"http:\/\/www.ipcszeged.hu\/wp-content\/uploads\/2017\/11\/szia2018.jpg 1303w, http:\/\/www.ipcszeged.hu\/wp-content\/uploads\/2017\/11\/szia2018-150x48.jpg 150w, http:\/\/www.ipcszeged.hu\/wp-content\/uploads\/2017\/11\/szia2018-300x95.jpg 300w, http:\/\/www.ipcszeged.hu\/wp-content\/uploads\/2017\/11\/szia2018-768x243.jpg 768w\" alt=\"\" width=\"1303\" height=\"413\"><\/a><\/p>\n<p style=\"text-align: center;\">2018 \u0151sz\u00e9n nagy esem\u00e9nyre ker\u00fcl sor a katolikus egyh\u00e1zban. Az okt\u00f3berben megrendezend\u0151 p\u00fcsp\u00f6ki szin\u00f3dus f\u0151szerepl\u0151i mi lesz\u00fcnk, a fiatalok! \u00c9lj\u00fcnk b\u00e1rmilyen f\u00f6ldr\u00e9szen, besz\u00e9lj\u00fcnk b\u00e1rmilyen nyelvet, legyen b\u00e1rmilyen a b\u0151rsz\u00edn\u00fcnk, az iskolai v\u00e9gzetts\u00e9g\u00fcnk, Ferenc p\u00e1pa azt \u00fczeni, k\u00edv\u00e1ncsi r\u00e1nk, a v\u00e9lem\u00e9ny\u00fcnkre, arra, hogy milyen egyh\u00e1zban szeretn\u00e9nk \u00e9lni.<\/p>\n<p>&nbsp;<\/p>\n<p><a href=\"http:\/\/szia.katolikus.hu\/\">http:\/\/szia.katolikus.hu\/<\/a><\/p>\n ","protected":false},"excerpt":{"rendered":"<p>Hallottad? 2018 \u0151sz\u00e9n nagy esem\u00e9nyre ker\u00fcl sor a katolikus egyh\u00e1zban. Az okt\u00f3berben megrendezend\u0151 p\u00fcsp\u00f6ki szin\u00f3dus f\u0151szerepl\u0151i mi lesz\u00fcnk, a fiatalok! \u00c9lj\u00fcnk b\u00e1rmilyen f\u00f6ldr\u00e9szen, besz\u00e9lj\u00fcnk b\u00e1rmilyen nyelvet, legyen b\u00e1rmilyen a b\u0151rsz\u00edn\u00fcnk, az iskolai v\u00e9gzetts\u00e9g\u00fcnk, Ferenc p\u00e1pa azt \u00fczeni, k\u00edv\u00e1ncsi r\u00e1nk, a v\u00e9lem\u00e9ny\u00fcnkre, arra, hogy milyen egyh\u00e1zban szeretn\u00e9nk \u00e9lni. &nbsp; http:\/\/szia.katolikus.hu\/<\/p>\n","protected":false},"author":1,"featured_media":6733,"comment_status":"closed","ping_status":"open","sticky":false,"template":"","format":"standard","meta":{"ngg_post_thumbnail":0,"footnotes":""},"categories":[1],"tags":[],"class_list":["post-6730","post","type-post","status-publish","format-standard","has-post-thumbnail","hentry","category-egyeb"],"_links":{"self":[{"href":"https:\/\/ipcszeged.hu\/index.php\/wp-json\/wp\/v2\/posts\/6730","targetHints":{"allow":["GET"]}}],"collection":[{"href":"https:\/\/ipcszeged.hu\/index.php\/wp-json\/wp\/v2\/posts"}],"about":[{"href":"https:\/\/ipcszeged.hu\/index.php\/wp-json\/wp\/v2\/types\/post"}],"author":[{"embeddable":true,"href":"https:\/\/ipcszeged.hu\/index.php\/wp-json\/wp\/v2\/users\/1"}],"replies":[{"embeddable":true,"href":"https:\/\/ipcszeged.hu\/index.php\/wp-json\/wp\/v2\/comments?post=6730"}],"version-history":[{"count":1,"href":"https:\/\/ipcszeged.hu\/index.php\/wp-json\/wp\/v2\/posts\/6730\/revisions"}],"predecessor-version":[{"id":6731,"href":"https:\/\/ipcszeged.hu\/index.php\/wp-json\/wp\/v2\/posts\/6730\/revisions\/6731"}],"wp:featuredmedia":[{"embeddable":true,"href":"https:\/\/ipcszeged.hu\/index.php\/wp-json\/wp\/v2\/media\/6733"}],"wp:attachment":[{"href":"https:\/\/ipcszeged.hu\/index.php\/wp-json\/wp\/v2\/media?parent=6730"}],"wp:term":[{"taxonomy":"category","embeddable":true,"href":"https:\/\/ipcszeged.hu\/index.php\/wp-json\/wp\/v2\/categories?post=6730"},{"taxonomy":"post_tag","embeddable":true,"href":"https:\/\/ipcszeged.hu\/index.php\/wp-json\/wp\/v2\/tags?post=6730"}],"curies":[{"name":"wp","href":"https:\/\/api.w.org\/{rel}","templated":true}]}}