{"id":6703,"date":"2017-11-15T22:00:49","date_gmt":"2017-11-15T22:00:49","guid":{"rendered":"http:\/\/www.ipcszeged.hu\/?p=6703"},"modified":"2017-11-20T10:17:59","modified_gmt":"2017-11-20T10:17:59","slug":"a-kiraly-a-kiralyod-szentsegimadas","status":"publish","type":"post","link":"https:\/\/ipcszeged.hu\/index.php\/2017\/11\/15\/a-kiraly-a-kiralyod-szentsegimadas\/","title":{"rendered":"A Kir\u00e1ly! A Kir\u00e1lyod? Szents\u00e9gim\u00e1d\u00e1s"},"content":{"rendered":"<h1>Kedves Testv\u00e9rem!<\/h1>\n<p><i>&#8220;Krisztus keny\u00e9r s bor sz\u00edn\u00e9ben \u00dar s Kir\u00e1ly a f\u00f6ld felett\u2026&#8221; <\/i><\/p>\n<p>Egy\u00f3r\u00e1s szents\u00e9gim\u00e1d\u00e1sra h\u00edvunk Krisztus Kir\u00e1ly f\u0151\u00fcnnep\u00e9nek el\u0151est\u00e9j\u00e9n a 2020-as 52. Nemzetk\u00f6zi Eucharisztikus Kongresszusra k\u00e9sz\u00fclve. Ezen az est\u00e9n, b\u00e1r k\u00fcl\u00f6nb\u00f6z\u0151 helysz\u00edneken, de egy id\u0151ben, egy\u00fctt fogunk im\u00e1dkozni az\u00e9rt, hogy az \u00f6nmag\u00e1t \u00e9rted is fel\u00e1ldoz\u00f3 \u00e9s az Olt\u00e1riszents\u00e9gben vel\u00fcnk l\u00e9v\u0151 Krisztust felismerj\u00fck \u00e9s egyre jobban szeress\u00fck. Tarts vel\u00fcnk! Veled egy\u00fctt meglesz\u00fcnk 20 000-en.<\/p>\n<p>A helyi k\u00f6z\u00f6ss\u00e9g\u00fcnkkel mi is \u00f6sszegy\u0171l\u00fcnk, hogy Krisztust egy\u00fctt im\u00e1djuk.<\/p>\n<p>Helysz\u00edn: <strong>Szegedi D\u00f3m<\/strong><br \/>\n<a href=\"https:\/\/maps.google.com\/?q=Magyarorsz%C3%A1g+6720+Szeged,+D%C3%B3m+t%C3%A9r+5&amp;entry=gmail&amp;source=g\">Magyarorsz\u00e1g 6720 Szeged, D\u00f3m t\u00e9r 5<\/a>.<\/p>\n<p>Id\u0151pont: 2017. 11. 25-\u00e9n, szombaton <a href=\"https:\/\/maps.google.com\/?q=17+%C3%A9s+18&amp;entry=gmail&amp;source=g\">17 \u00e9s 18<\/a> \u00f3ra k\u00f6z\u00f6tt.<\/p>\n<p>B\u0151vebb inform\u00e1ci\u00f3: <a href=\"http:\/\/www.ipcszeged.hu\" target=\"_blank\" rel=\"noopener\" data-saferedirecturl=\"https:\/\/www.google.com\/url?hl=hu&amp;q=http:\/\/www.ipcszeged.hu&amp;source=gmail&amp;ust=1510654400125000&amp;usg=AFQjCNEyaeM94QJANrqH9wofJ2KVJVH1aQ\">www.ipcszeged.hu<\/a><\/p>\n<p>A szents\u00e9gim\u00e1d\u00e1s els\u0151 fel\u00e9ben ifj\u00fas\u00e1gi \u00e9nekek k\u00eds\u00e9ret\u00e9ben r\u00f6vid elm\u00e9lked\u00e9seket olvasunk fel. Egy hosszabb csendes egy\u00e9ni im\u00e1t k\u00f6vet\u0151en n\u00e9p\u00e9nekekkel z\u00e1rjuk a szents\u00e9gim\u00e1d\u00e1st.<\/p>\n<p><a href=\"https:\/\/krisztuskiraly.iec2020.hu\/#\/jelentkezes\/124\" target=\"_blank\" rel=\"noopener\" data-saferedirecturl=\"https:\/\/www.google.com\/url?hl=hu&amp;q=https:\/\/krisztuskiraly.iec2020.hu\/%23\/jelentkezes\/124&amp;source=gmail&amp;ust=1510654400125000&amp;usg=AFQjCNHdF3F5gloTVEv26p-IVM-bzCKTyQ\">Gyere, tarts vel\u00fcnk Te is, \u00e9s jelentkezz!<\/a><\/p>\n<p>A jelentkez\u00e9si lap kit\u00f6lt\u00e9sekor k\u00e9rlek ne felejtsd el jelezni, ha sz\u00edvesen seg\u00edtesz a szents\u00e9gim\u00e1d\u00e1s szervez\u00e9s\u00e9ben \u00e9s lebonyol\u00edt\u00e1s\u00e1ban, illetve ha fel szeretn\u00e9l iratkozni a NEK 2020 h\u00edrlev\u00e9lre, melynek seg\u00edts\u00e9g\u00e9vel folyamatosan t\u00e1j\u00e9koz\u00f3dhatsz arr\u00f3l, hogyan halad a 2020-as esem\u00e9ny el\u0151k\u00e9sz\u00edt\u00e9se, \u00e9s els\u0151 k\u00e9zb\u0151l \u00e9rtes\u00fclhetsz programokr\u00f3l, bekapcsol\u00f3d\u00e1si lehet\u0151s\u00e9gekr\u0151l.<\/p>\n<p>&nbsp;<\/p>\n<p><strong>V\u00e1runk november 25-\u00e9n!<\/strong><\/p>\n<p>Szeretettel,<br \/>\nSerf\u0151z\u0151 Levente<br \/>\nSzegedi D\u00f3m<br \/>\nBelv\u00e1rosi Pl\u00e9b\u00e1nia\/Ifj\u00fas\u00e1gpasztor\u00e1ci\u00f3s Iroda \u00e9s Szegedi Katolikus Egyetemi Lelk\u00e9szs\u00e9g<\/p>\n<p><a href=\"http:\/\/www.ipcszeged.hu\/index.php\/2017\/11\/15\/a-kiraly-a-kiralyod-szentsegimadas\/eged-1\/\" rel=\"attachment wp-att-6704\"><img loading=\"lazy\" decoding=\"async\" class=\"aligncenter  wp-image-6704\" src=\"http:\/\/www.ipcszeged.hu\/wp-content\/uploads\/2017\/11\/eged-1.jpg\" alt=\"\" width=\"516\" height=\"730\" srcset=\"https:\/\/ipcszeged.hu\/wp-content\/uploads\/2017\/11\/eged-1.jpg 1588w, https:\/\/ipcszeged.hu\/wp-content\/uploads\/2017\/11\/eged-1-106x150.jpg 106w, https:\/\/ipcszeged.hu\/wp-content\/uploads\/2017\/11\/eged-1-212x300.jpg 212w, https:\/\/ipcszeged.hu\/wp-content\/uploads\/2017\/11\/eged-1-768x1086.jpg 768w\" sizes=\"auto, (max-width: 516px) 100vw, 516px\" \/><\/a><\/p>\n ","protected":false},"excerpt":{"rendered":"<p>Kedves Testv\u00e9rem! &#8220;Krisztus keny\u00e9r s bor sz\u00edn\u00e9ben \u00dar s Kir\u00e1ly a f\u00f6ld felett\u2026&#8221; Egy\u00f3r\u00e1s szents\u00e9gim\u00e1d\u00e1sra h\u00edvunk Krisztus Kir\u00e1ly f\u0151\u00fcnnep\u00e9nek el\u0151est\u00e9j\u00e9n a 2020-as 52. Nemzetk\u00f6zi Eucharisztikus Kongresszusra k\u00e9sz\u00fclve. Ezen az est\u00e9n, b\u00e1r k\u00fcl\u00f6nb\u00f6z\u0151 helysz\u00edneken, de egy id\u0151ben, egy\u00fctt fogunk im\u00e1dkozni az\u00e9rt, hogy az \u00f6nmag\u00e1t \u00e9rted is fel\u00e1ldoz\u00f3 \u00e9s az Olt\u00e1riszents\u00e9gben vel\u00fcnk l\u00e9v\u0151 Krisztust felismerj\u00fck \u00e9s egyre&hellip; <br \/> <a class=\"read-more\" href=\"https:\/\/ipcszeged.hu\/index.php\/2017\/11\/15\/a-kiraly-a-kiralyod-szentsegimadas\/\">Read more<\/a><\/p>\n","protected":false},"author":1,"featured_media":6704,"comment_status":"closed","ping_status":"open","sticky":false,"template":"","format":"standard","meta":{"ngg_post_thumbnail":0,"footnotes":""},"categories":[1],"tags":[],"class_list":["post-6703","post","type-post","status-publish","format-standard","has-post-thumbnail","hentry","category-egyeb"],"_links":{"self":[{"href":"https:\/\/ipcszeged.hu\/index.php\/wp-json\/wp\/v2\/posts\/6703","targetHints":{"allow":["GET"]}}],"collection":[{"href":"https:\/\/ipcszeged.hu\/index.php\/wp-json\/wp\/v2\/posts"}],"about":[{"href":"https:\/\/ipcszeged.hu\/index.php\/wp-json\/wp\/v2\/types\/post"}],"author":[{"embeddable":true,"href":"https:\/\/ipcszeged.hu\/index.php\/wp-json\/wp\/v2\/users\/1"}],"replies":[{"embeddable":true,"href":"https:\/\/ipcszeged.hu\/index.php\/wp-json\/wp\/v2\/comments?post=6703"}],"version-history":[{"count":2,"href":"https:\/\/ipcszeged.hu\/index.php\/wp-json\/wp\/v2\/posts\/6703\/revisions"}],"predecessor-version":[{"id":6742,"href":"https:\/\/ipcszeged.hu\/index.php\/wp-json\/wp\/v2\/posts\/6703\/revisions\/6742"}],"wp:featuredmedia":[{"embeddable":true,"href":"https:\/\/ipcszeged.hu\/index.php\/wp-json\/wp\/v2\/media\/6704"}],"wp:attachment":[{"href":"https:\/\/ipcszeged.hu\/index.php\/wp-json\/wp\/v2\/media?parent=6703"}],"wp:term":[{"taxonomy":"category","embeddable":true,"href":"https:\/\/ipcszeged.hu\/index.php\/wp-json\/wp\/v2\/categories?post=6703"},{"taxonomy":"post_tag","embeddable":true,"href":"https:\/\/ipcszeged.hu\/index.php\/wp-json\/wp\/v2\/tags?post=6703"}],"curies":[{"name":"wp","href":"https:\/\/api.w.org\/{rel}","templated":true}]}}