{"id":6546,"date":"2017-11-13T11:33:33","date_gmt":"2017-11-13T11:33:33","guid":{"rendered":"http:\/\/www.ipcszeged.hu\/?p=6546"},"modified":"2017-11-13T11:48:15","modified_gmt":"2017-11-13T11:48:15","slug":"legyetek-hosok-szentek-roszken-talalkoztak-a-fiatalok","status":"publish","type":"post","link":"https:\/\/ipcszeged.hu\/index.php\/2017\/11\/13\/legyetek-hosok-szentek-roszken-talalkoztak-a-fiatalok\/","title":{"rendered":"Legyetek H\u0151s\u00f6k Szentek &#8211; R\u00f6szk\u00e9n tal\u00e1lkoztak a fiatalok"},"content":{"rendered":"<p>2017. November 11-\u00e9n szombaton R\u00f6szk\u00e9n szervezt\u00e9k meg a M\u00f3rahalmi k\u00f6rzethez tartoz\u00f3 telep\u00fcl\u00e9sek tal\u00e1lkoz\u00f3j\u00e1t, ahol 50 fiatal tal\u00e1lkozott. A nap f\u0151 h\u0151s e Szent L\u00e1szl\u00f3 \u00e9s Szent M\u00e1rton volt. A fiatalok telep\u00fcl\u00e9senk\u00e9nt egy egy Szent L\u00e1szl\u00f3hoz kapcsol\u00f3d\u00f3 legenda feldolgoz\u00e1s\u00e1val k\u00e9sz\u00fcltek. A kis bemutat\u00f3kat k\u00f6vet\u0151en az er\u00e9nyek fontoss\u00e1g\u00e1r\u00f3l tanakodhattak a fiatalok. A b\u0151s\u00e9ges vend\u00e9gl\u00e1t\u00e1s ut\u00e1n minden r\u00e9sztvev\u0151 elk\u00e9sz\u00edthette a legf\u0151bb er\u00e9nyeivel v\u00e9rtezett \u00e9s megrajzolt c\u00edmer pajzs\u00e1t. A napot szentmise z\u00e1rta, ahol a r\u00f6szkei pl\u00e9b\u00e1nos Liszkai Tam\u00e1s atya Szent M\u00e1rton \u00e9let\u00e9be \u00e9s legend\u00e1iba is betekint\u00e9st adott a h\u00edveknek.<\/p>\nngg_shortcode_0_placeholder\n ","protected":false},"excerpt":{"rendered":"<p>2017. November 11-\u00e9n szombaton R\u00f6szk\u00e9n szervezt\u00e9k meg a M\u00f3rahalmi k\u00f6rzethez tartoz\u00f3 telep\u00fcl\u00e9sek tal\u00e1lkoz\u00f3j\u00e1t, ahol 50 fiatal tal\u00e1lkozott. A nap f\u0151 h\u0151s e Szent L\u00e1szl\u00f3 \u00e9s Szent M\u00e1rton volt. A fiatalok telep\u00fcl\u00e9senk\u00e9nt egy egy Szent L\u00e1szl\u00f3hoz kapcsol\u00f3d\u00f3 legenda feldolgoz\u00e1s\u00e1val k\u00e9sz\u00fcltek. A kis bemutat\u00f3kat k\u00f6vet\u0151en az er\u00e9nyek fontoss\u00e1g\u00e1r\u00f3l tanakodhattak a fiatalok. A b\u0151s\u00e9ges vend\u00e9gl\u00e1t\u00e1s ut\u00e1n minden r\u00e9sztvev\u0151&hellip; <br \/> <a class=\"read-more\" href=\"https:\/\/ipcszeged.hu\/index.php\/2017\/11\/13\/legyetek-hosok-szentek-roszken-talalkoztak-a-fiatalok\/\">Read more<\/a><\/p>\n","protected":false},"author":1,"featured_media":6697,"comment_status":"closed","ping_status":"open","sticky":false,"template":"","format":"standard","meta":{"ngg_post_thumbnail":0,"footnotes":""},"categories":[1],"tags":[],"class_list":["post-6546","post","type-post","status-publish","format-standard","has-post-thumbnail","hentry","category-egyeb"],"_links":{"self":[{"href":"https:\/\/ipcszeged.hu\/index.php\/wp-json\/wp\/v2\/posts\/6546","targetHints":{"allow":["GET"]}}],"collection":[{"href":"https:\/\/ipcszeged.hu\/index.php\/wp-json\/wp\/v2\/posts"}],"about":[{"href":"https:\/\/ipcszeged.hu\/index.php\/wp-json\/wp\/v2\/types\/post"}],"author":[{"embeddable":true,"href":"https:\/\/ipcszeged.hu\/index.php\/wp-json\/wp\/v2\/users\/1"}],"replies":[{"embeddable":true,"href":"https:\/\/ipcszeged.hu\/index.php\/wp-json\/wp\/v2\/comments?post=6546"}],"version-history":[{"count":5,"href":"https:\/\/ipcszeged.hu\/index.php\/wp-json\/wp\/v2\/posts\/6546\/revisions"}],"predecessor-version":[{"id":6702,"href":"https:\/\/ipcszeged.hu\/index.php\/wp-json\/wp\/v2\/posts\/6546\/revisions\/6702"}],"wp:featuredmedia":[{"embeddable":true,"href":"https:\/\/ipcszeged.hu\/index.php\/wp-json\/wp\/v2\/media\/6697"}],"wp:attachment":[{"href":"https:\/\/ipcszeged.hu\/index.php\/wp-json\/wp\/v2\/media?parent=6546"}],"wp:term":[{"taxonomy":"category","embeddable":true,"href":"https:\/\/ipcszeged.hu\/index.php\/wp-json\/wp\/v2\/categories?post=6546"},{"taxonomy":"post_tag","embeddable":true,"href":"https:\/\/ipcszeged.hu\/index.php\/wp-json\/wp\/v2\/tags?post=6546"}],"curies":[{"name":"wp","href":"https:\/\/api.w.org\/{rel}","templated":true}]}}