{"id":6501,"date":"2017-10-09T08:23:30","date_gmt":"2017-10-09T08:23:30","guid":{"rendered":"http:\/\/www.ipcszeged.hu\/?p=6501"},"modified":"2017-10-09T08:28:27","modified_gmt":"2017-10-09T08:28:27","slug":"var-a-sapientia-szerzetesi-hittudomanyi-foiskola","status":"publish","type":"post","link":"https:\/\/ipcszeged.hu\/index.php\/2017\/10\/09\/var-a-sapientia-szerzetesi-hittudomanyi-foiskola\/","title":{"rendered":"V\u00c1r a Sapientia Szerzetesi Hittudom\u00e1nyi F\u0151iskola"},"content":{"rendered":"<p style=\"text-align: center;\">Id\u0151pont: <strong>2017. november 21. kedd 10.00\u201312.30<\/strong><\/p>\n<p style=\"text-align: center;\">Helysz\u00edn: <strong>Sapientia Szerzetesi Hittudom\u00e1nyi F\u0151iskola<\/strong>, D\u00edszterem<\/p>\n<p style=\"text-align: center;\"><a href=\"https:\/\/maps.google.com\/?q=Budapest,+V.,+Piarista+k%C3%B6z+1&amp;entry=gmail&amp;source=g\">Budapest, V., Piarista k\u00f6z 1<\/a>.<\/p>\n<p style=\"text-align: center;\">&nbsp;<\/p>\n<p style=\"text-align: center;\">10.00\u201310.05<\/p>\n<p style=\"text-align: center;\"><strong>Rektori k\u00f6sz\u00f6nt\u0151<\/strong><\/p>\n<p style=\"text-align: center;\">10.05\u201310.25<\/p>\n<p style=\"text-align: center;\"><strong>Amit \u00e9s ahogy a f\u0151iskol\u00e1n tanulhatunk<\/strong><\/p>\n<p style=\"text-align: center;\">Alapk\u00e9pz\u00e9seink, osztatlan \u00e9s mesterszakjaink bemutat\u00e1sa.<\/p>\n<p style=\"text-align: center;\">10.25\u201310.35<\/p>\n<p style=\"text-align: center;\"><strong>Ahogy a f\u0151iskol\u00e1ra ker\u00fclhet\u00fcnk \u00e9s ahov\u00e1 a f\u0151iskol\u00e1r\u00f3l eljuthatunk<\/strong><\/p>\n<p style=\"text-align: center;\">Felv\u00e9teli elj\u00e1r\u00e1ssal kapcsolatos tudnival\u00f3k, \u00f6szt\u00f6nd\u00edj-lehet\u0151s\u00e9gek.<\/p>\n<p style=\"text-align: center;\">10.35\u201310.50<\/p>\n<p style=\"text-align: center;\"><strong>Ahogy \u00e9l\u00fcnk<\/strong><\/p>\n<p style=\"text-align: center;\">A f\u0151iskola mindennapjai \u00e9s programjai di\u00e1kszemmel.<\/p>\n<p style=\"text-align: center;\">10.50\u201311.05<\/p>\n<p style=\"text-align: center;\"><strong>K\u00e9rd\u00e9sek \u2013 v\u00e1laszok<\/strong><\/p>\n<p style=\"text-align: center;\">Mindarr\u00f3l, ami az el\u0151bbiekb\u0151l m\u00e9g nem der\u00fclt ki, de \u00e9rdekel.<\/p>\n<p style=\"text-align: center;\">11.05\u201311.25<\/p>\n<p style=\"text-align: center;\"><strong>Ahol \u00e9l\u00fcnk<\/strong><\/p>\n<p style=\"text-align: center;\">Ismerked\u00e9s a f\u0151iskola k\u00f6nyvt\u00e1r\u00e1val.<\/p>\n<p style=\"text-align: center;\">11.30\u201312.15<\/p>\n<p style=\"text-align: center;\"><strong>\u00cdzel\u00edt\u0151<\/strong><\/p>\n<p style=\"text-align: center;\">Nyitott el\u0151ad\u00e1sok \/ szemin\u00e1riumok:<\/p>\n<p style=\"text-align: center;\">Pedag\u00f3giai pszichol\u00f3gia<\/p>\n<p style=\"text-align: center;\">Egyh\u00e1zjog<\/p>\n<p style=\"text-align: center;\">Szem\u00e9lyis\u00e9g- \u00e9s csal\u00e1dpszichol\u00f3gia<\/p>\n<p style=\"text-align: center;\">Dogmatika: Kegyelemtan<\/p>\n<p style=\"text-align: center;\">12.15-t\u0151l<\/p>\n<p style=\"text-align: center;\"><strong>Ahol \u00e9l\u00fcnk<\/strong><\/p>\n<p style=\"text-align: center;\">Fontos helyek, kedves zugok di\u00e1kszemmel: s\u00e9ta a f\u0151iskola \u00e9p\u00fclet\u00e9ben a f\u0151iskola hallgat\u00f3inak vezet\u00e9s\u00e9vel.<\/p>\n<p style=\"text-align: center;\"><strong>Szeretettel v\u00e1rjuk az \u00e9rdekl\u0151d\u0151ket!<\/strong><\/p>\n ","protected":false},"excerpt":{"rendered":"<p>Id\u0151pont: 2017. november 21. kedd 10.00\u201312.30 Helysz\u00edn: Sapientia Szerzetesi Hittudom\u00e1nyi F\u0151iskola, D\u00edszterem Budapest, V., Piarista k\u00f6z 1. &nbsp; 10.00\u201310.05 Rektori k\u00f6sz\u00f6nt\u0151 10.05\u201310.25 Amit \u00e9s ahogy a f\u0151iskol\u00e1n tanulhatunk Alapk\u00e9pz\u00e9seink, osztatlan \u00e9s mesterszakjaink bemutat\u00e1sa. 10.25\u201310.35 Ahogy a f\u0151iskol\u00e1ra ker\u00fclhet\u00fcnk \u00e9s ahov\u00e1 a f\u0151iskol\u00e1r\u00f3l eljuthatunk Felv\u00e9teli elj\u00e1r\u00e1ssal kapcsolatos tudnival\u00f3k, \u00f6szt\u00f6nd\u00edj-lehet\u0151s\u00e9gek. 10.35\u201310.50 Ahogy \u00e9l\u00fcnk A f\u0151iskola mindennapjai \u00e9s&hellip; <br \/> <a class=\"read-more\" href=\"https:\/\/ipcszeged.hu\/index.php\/2017\/10\/09\/var-a-sapientia-szerzetesi-hittudomanyi-foiskola\/\">Read more<\/a><\/p>\n","protected":false},"author":1,"featured_media":6504,"comment_status":"closed","ping_status":"open","sticky":false,"template":"","format":"standard","meta":{"ngg_post_thumbnail":0,"footnotes":""},"categories":[1],"tags":[],"class_list":["post-6501","post","type-post","status-publish","format-standard","has-post-thumbnail","hentry","category-egyeb"],"_links":{"self":[{"href":"https:\/\/ipcszeged.hu\/index.php\/wp-json\/wp\/v2\/posts\/6501","targetHints":{"allow":["GET"]}}],"collection":[{"href":"https:\/\/ipcszeged.hu\/index.php\/wp-json\/wp\/v2\/posts"}],"about":[{"href":"https:\/\/ipcszeged.hu\/index.php\/wp-json\/wp\/v2\/types\/post"}],"author":[{"embeddable":true,"href":"https:\/\/ipcszeged.hu\/index.php\/wp-json\/wp\/v2\/users\/1"}],"replies":[{"embeddable":true,"href":"https:\/\/ipcszeged.hu\/index.php\/wp-json\/wp\/v2\/comments?post=6501"}],"version-history":[{"count":1,"href":"https:\/\/ipcszeged.hu\/index.php\/wp-json\/wp\/v2\/posts\/6501\/revisions"}],"predecessor-version":[{"id":6503,"href":"https:\/\/ipcszeged.hu\/index.php\/wp-json\/wp\/v2\/posts\/6501\/revisions\/6503"}],"wp:featuredmedia":[{"embeddable":true,"href":"https:\/\/ipcszeged.hu\/index.php\/wp-json\/wp\/v2\/media\/6504"}],"wp:attachment":[{"href":"https:\/\/ipcszeged.hu\/index.php\/wp-json\/wp\/v2\/media?parent=6501"}],"wp:term":[{"taxonomy":"category","embeddable":true,"href":"https:\/\/ipcszeged.hu\/index.php\/wp-json\/wp\/v2\/categories?post=6501"},{"taxonomy":"post_tag","embeddable":true,"href":"https:\/\/ipcszeged.hu\/index.php\/wp-json\/wp\/v2\/tags?post=6501"}],"curies":[{"name":"wp","href":"https:\/\/api.w.org\/{rel}","templated":true}]}}