{"id":6477,"date":"2017-09-27T10:49:07","date_gmt":"2017-09-27T10:49:07","guid":{"rendered":"http:\/\/www.ipcszeged.hu\/?p=6477"},"modified":"2017-09-27T10:49:07","modified_gmt":"2017-09-27T10:49:07","slug":"a-2017-es-szent-gellert-ifjusagi-talalkozo-kepekben","status":"publish","type":"post","link":"https:\/\/ipcszeged.hu\/index.php\/2017\/09\/27\/a-2017-es-szent-gellert-ifjusagi-talalkozo-kepekben\/","title":{"rendered":"A 2017-es Szent Gell\u00e9rt Ifj\u00fas\u00e1gi Tal\u00e1lkoz\u00f3 k\u00e9pekben"},"content":{"rendered":"ngg_shortcode_0_placeholder\n ","protected":false},"excerpt":{"rendered":"","protected":false},"author":1,"featured_media":6470,"comment_status":"closed","ping_status":"open","sticky":false,"template":"","format":"standard","meta":{"ngg_post_thumbnail":0,"footnotes":""},"categories":[1],"tags":[],"class_list":["post-6477","post","type-post","status-publish","format-standard","has-post-thumbnail","hentry","category-egyeb"],"_links":{"self":[{"href":"https:\/\/ipcszeged.hu\/index.php\/wp-json\/wp\/v2\/posts\/6477","targetHints":{"allow":["GET"]}}],"collection":[{"href":"https:\/\/ipcszeged.hu\/index.php\/wp-json\/wp\/v2\/posts"}],"about":[{"href":"https:\/\/ipcszeged.hu\/index.php\/wp-json\/wp\/v2\/types\/post"}],"author":[{"embeddable":true,"href":"https:\/\/ipcszeged.hu\/index.php\/wp-json\/wp\/v2\/users\/1"}],"replies":[{"embeddable":true,"href":"https:\/\/ipcszeged.hu\/index.php\/wp-json\/wp\/v2\/comments?post=6477"}],"version-history":[{"count":1,"href":"https:\/\/ipcszeged.hu\/index.php\/wp-json\/wp\/v2\/posts\/6477\/revisions"}],"predecessor-version":[{"id":6478,"href":"https:\/\/ipcszeged.hu\/index.php\/wp-json\/wp\/v2\/posts\/6477\/revisions\/6478"}],"wp:featuredmedia":[{"embeddable":true,"href":"https:\/\/ipcszeged.hu\/index.php\/wp-json\/wp\/v2\/media\/6470"}],"wp:attachment":[{"href":"https:\/\/ipcszeged.hu\/index.php\/wp-json\/wp\/v2\/media?parent=6477"}],"wp:term":[{"taxonomy":"category","embeddable":true,"href":"https:\/\/ipcszeged.hu\/index.php\/wp-json\/wp\/v2\/categories?post=6477"},{"taxonomy":"post_tag","embeddable":true,"href":"https:\/\/ipcszeged.hu\/index.php\/wp-json\/wp\/v2\/tags?post=6477"}],"curies":[{"name":"wp","href":"https:\/\/api.w.org\/{rel}","templated":true}]}}