{"id":5889,"date":"2017-09-11T11:16:00","date_gmt":"2017-09-11T11:16:00","guid":{"rendered":"http:\/\/www.ipcszeged.hu\/?p=5889"},"modified":"2017-09-11T11:16:00","modified_gmt":"2017-09-11T11:16:00","slug":"szent-gellert-ifjusagi-talalkozo-2017-szeptember-23","status":"publish","type":"post","link":"https:\/\/ipcszeged.hu\/index.php\/2017\/09\/11\/szent-gellert-ifjusagi-talalkozo-2017-szeptember-23\/","title":{"rendered":"Szent Gell\u00e9rt Ifj\u00fas\u00e1gi Tal\u00e1lkoz\u00f3&#8230;&#8230;2017. szeptember 23."},"content":{"rendered":"<blockquote>\n<h2 style=\"text-align: center;\">\u201eTarts ki, a v\u00e1ltoz\u00e1s el fog j\u00f6nni! Isten nem mondott le r\u00f3lad, te se mondj le r\u00f3la! Most is v\u00e9gzi munk\u00e1j\u00e1t benned.\u201d<\/h2>\n<\/blockquote>\n<h3 style=\"text-align: center;\">&nbsp;<\/h3>\n ","protected":false},"excerpt":{"rendered":"<p>\u201eTarts ki, a v\u00e1ltoz\u00e1s el fog j\u00f6nni! Isten nem mondott le r\u00f3lad, te se mondj le r\u00f3la! Most is v\u00e9gzi munk\u00e1j\u00e1t benned.\u201d &nbsp;<\/p>\n","protected":false},"author":1,"featured_media":5890,"comment_status":"closed","ping_status":"open","sticky":false,"template":"","format":"standard","meta":{"ngg_post_thumbnail":0,"footnotes":""},"categories":[1],"tags":[],"class_list":["post-5889","post","type-post","status-publish","format-standard","has-post-thumbnail","hentry","category-egyeb"],"_links":{"self":[{"href":"https:\/\/ipcszeged.hu\/index.php\/wp-json\/wp\/v2\/posts\/5889","targetHints":{"allow":["GET"]}}],"collection":[{"href":"https:\/\/ipcszeged.hu\/index.php\/wp-json\/wp\/v2\/posts"}],"about":[{"href":"https:\/\/ipcszeged.hu\/index.php\/wp-json\/wp\/v2\/types\/post"}],"author":[{"embeddable":true,"href":"https:\/\/ipcszeged.hu\/index.php\/wp-json\/wp\/v2\/users\/1"}],"replies":[{"embeddable":true,"href":"https:\/\/ipcszeged.hu\/index.php\/wp-json\/wp\/v2\/comments?post=5889"}],"version-history":[{"count":1,"href":"https:\/\/ipcszeged.hu\/index.php\/wp-json\/wp\/v2\/posts\/5889\/revisions"}],"predecessor-version":[{"id":5891,"href":"https:\/\/ipcszeged.hu\/index.php\/wp-json\/wp\/v2\/posts\/5889\/revisions\/5891"}],"wp:featuredmedia":[{"embeddable":true,"href":"https:\/\/ipcszeged.hu\/index.php\/wp-json\/wp\/v2\/media\/5890"}],"wp:attachment":[{"href":"https:\/\/ipcszeged.hu\/index.php\/wp-json\/wp\/v2\/media?parent=5889"}],"wp:term":[{"taxonomy":"category","embeddable":true,"href":"https:\/\/ipcszeged.hu\/index.php\/wp-json\/wp\/v2\/categories?post=5889"},{"taxonomy":"post_tag","embeddable":true,"href":"https:\/\/ipcszeged.hu\/index.php\/wp-json\/wp\/v2\/tags?post=5889"}],"curies":[{"name":"wp","href":"https:\/\/api.w.org\/{rel}","templated":true}]}}