{"id":499,"date":"2016-01-20T12:22:08","date_gmt":"2016-01-20T12:22:08","guid":{"rendered":"http:\/\/www.ipcszeged.hu\/?p=499"},"modified":"2016-01-20T12:31:41","modified_gmt":"2016-01-20T12:31:41","slug":"tesz-vesz-tavasz-2016-episode-ix","status":"publish","type":"post","link":"https:\/\/ipcszeged.hu\/index.php\/2016\/01\/20\/tesz-vesz-tavasz-2016-episode-ix\/","title":{"rendered":"Tesz Vesz Tavasz 2016 Episode IX."},"content":{"rendered":"<h3 style=\"text-align: center;\">Az \u00f6nk\u00e9ntess\u00e9g ereje legyen veled!<\/h3>\n<p style=\"text-align: center;\"><em>R\u00e9ges r\u00e9gen egy messzi messzi Egyh\u00e1zmegy\u00e9ben&#8230;.<\/em><\/p>\n<p style=\"text-align: center;\">TESZ VESZ TAVASZ<\/p>\n<p style=\"text-align: center;\">9 \u00e9ve m\u00e1r, hogy elindult\u00a0a Tesz Vesz Tavasz c\u00edm\u0171 projekt. Szerte az Egyh\u00e1zmegy\u00e9b\u0151l \u00e9vr\u0151l \u00e9vre egyre t\u00f6bben \u00e9s t\u00f6bben csatlakoztak a programhoz. Sok hasznos k\u00f6rnyezetet sz\u00e9p\u00edt\u0151 \u00e9s \u00e9p\u00edt\u0151 munk\u00e1val kicsik \u00e9s nagyok egy\u00fctt dolgozva \u00a0mindig szebb\u00e9 var\u00e1zsolj\u00e1k az\u00a0Egyh\u00e1zmegy\u00e9t. Id\u00e9n \u00e1llj be te is a Teszveszel\u0151k k\u00f6z\u00e9 \u00e9s tedd szebb\u00e9 a j\u00f6v\u0151det.<\/p>\n<h4 style=\"text-align: center;\">Tesz Vesz Tavasz id\u0151pontja: 2016.03.07-13<\/h4>\n<h4 style=\"text-align: center;\">Regisztr\u00e1ci\u00f3 hat\u00e1rideje: febru\u00e1r 29.<\/h4>\n<h4 style=\"text-align: center;\"><a href=\"http:\/\/goo.gl\/forms\/4Iv8s4YDLd\">Regisztr\u00e1ci\u00f3s \u0171rlap<\/a><\/h4>\n ","protected":false},"excerpt":{"rendered":"<p>Az \u00f6nk\u00e9ntess\u00e9g ereje legyen veled! R\u00e9ges r\u00e9gen egy messzi messzi Egyh\u00e1zmegy\u00e9ben&#8230;. TESZ VESZ TAVASZ 9 \u00e9ve m\u00e1r, hogy elindult\u00a0a Tesz Vesz Tavasz c\u00edm\u0171 projekt. Szerte az Egyh\u00e1zmegy\u00e9b\u0151l \u00e9vr\u0151l \u00e9vre egyre t\u00f6bben \u00e9s t\u00f6bben csatlakoztak a programhoz. Sok hasznos k\u00f6rnyezetet sz\u00e9p\u00edt\u0151 \u00e9s \u00e9p\u00edt\u0151 munk\u00e1val kicsik \u00e9s nagyok egy\u00fctt dolgozva \u00a0mindig szebb\u00e9 var\u00e1zsolj\u00e1k az\u00a0Egyh\u00e1zmegy\u00e9t. Id\u00e9n \u00e1llj be&hellip; <br \/> <a class=\"read-more\" href=\"https:\/\/ipcszeged.hu\/index.php\/2016\/01\/20\/tesz-vesz-tavasz-2016-episode-ix\/\">Read more<\/a><\/p>\n","protected":false},"author":1,"featured_media":541,"comment_status":"open","ping_status":"open","sticky":false,"template":"","format":"standard","meta":{"ngg_post_thumbnail":0,"footnotes":""},"categories":[1],"tags":[],"class_list":["post-499","post","type-post","status-publish","format-standard","has-post-thumbnail","hentry","category-egyeb"],"_links":{"self":[{"href":"https:\/\/ipcszeged.hu\/index.php\/wp-json\/wp\/v2\/posts\/499","targetHints":{"allow":["GET"]}}],"collection":[{"href":"https:\/\/ipcszeged.hu\/index.php\/wp-json\/wp\/v2\/posts"}],"about":[{"href":"https:\/\/ipcszeged.hu\/index.php\/wp-json\/wp\/v2\/types\/post"}],"author":[{"embeddable":true,"href":"https:\/\/ipcszeged.hu\/index.php\/wp-json\/wp\/v2\/users\/1"}],"replies":[{"embeddable":true,"href":"https:\/\/ipcszeged.hu\/index.php\/wp-json\/wp\/v2\/comments?post=499"}],"version-history":[{"count":2,"href":"https:\/\/ipcszeged.hu\/index.php\/wp-json\/wp\/v2\/posts\/499\/revisions"}],"predecessor-version":[{"id":542,"href":"https:\/\/ipcszeged.hu\/index.php\/wp-json\/wp\/v2\/posts\/499\/revisions\/542"}],"wp:featuredmedia":[{"embeddable":true,"href":"https:\/\/ipcszeged.hu\/index.php\/wp-json\/wp\/v2\/media\/541"}],"wp:attachment":[{"href":"https:\/\/ipcszeged.hu\/index.php\/wp-json\/wp\/v2\/media?parent=499"}],"wp:term":[{"taxonomy":"category","embeddable":true,"href":"https:\/\/ipcszeged.hu\/index.php\/wp-json\/wp\/v2\/categories?post=499"},{"taxonomy":"post_tag","embeddable":true,"href":"https:\/\/ipcszeged.hu\/index.php\/wp-json\/wp\/v2\/tags?post=499"}],"curies":[{"name":"wp","href":"https:\/\/api.w.org\/{rel}","templated":true}]}}