{"id":488,"date":"2016-01-06T12:53:16","date_gmt":"2016-01-06T12:53:16","guid":{"rendered":"http:\/\/www.ipcszeged.hu\/?p=488"},"modified":"2016-01-08T13:47:48","modified_gmt":"2016-01-08T13:47:48","slug":"te-is-a-98-tagja-vagy-mar","status":"publish","type":"post","link":"https:\/\/ipcszeged.hu\/index.php\/2016\/01\/06\/te-is-a-98-tagja-vagy-mar\/","title":{"rendered":"Te is tagja vagy m\u00e1r a 98 tan\u00edtv\u00e1nynak?"},"content":{"rendered":"<p>M\u00e9g lehetsz te is tagja a 98 tan\u00edtv\u00e1nynak, akik egy\u00fctt utaznak el Krakk\u00f3ba, hogy tal\u00e1lkozhassanak a P\u00e1p\u00e1val \u00e9s sok-sok fiatallal az Ifj\u00fas\u00e1gi Vil\u00e1gtal\u00e1lkoz\u00f3n 2016-ban.<\/p>\n<p>Regisztr\u00e1ci\u00f3: <a href=\"http:\/\/goo.gl\/forms\/pIQgCPRhZh\">http:\/\/goo.gl\/forms\/pIQgCPRhZh<\/a><\/p>\n<p>R\u00e9szletes Inf\u00f3k:<\/p>\n<p><a href=\"http:\/\/www.ipcszeged.hu\/wp-content\/uploads\/2015\/11\/INFORM\u00c1CI\u00d3S-LEV\u00c9L-FIZET\u00c9SR\u00d3L-20160105.pdf\">INFORM\u00c1CI\u00d3S LEV\u00c9L FIZET\u00c9SR\u00d3L 20160105<\/a>\u00a0IVT 2016.<\/p>\n<p>&nbsp;<\/p>\n ","protected":false},"excerpt":{"rendered":"<p>M\u00e9g lehetsz te is tagja a 98 tan\u00edtv\u00e1nynak, akik egy\u00fctt utaznak el Krakk\u00f3ba, hogy tal\u00e1lkozhassanak a P\u00e1p\u00e1val \u00e9s sok-sok fiatallal az Ifj\u00fas\u00e1gi Vil\u00e1gtal\u00e1lkoz\u00f3n 2016-ban. Regisztr\u00e1ci\u00f3: http:\/\/goo.gl\/forms\/pIQgCPRhZh R\u00e9szletes Inf\u00f3k: INFORM\u00c1CI\u00d3S LEV\u00c9L FIZET\u00c9SR\u00d3L 20160105\u00a0IVT 2016. &nbsp;<\/p>\n","protected":false},"author":1,"featured_media":489,"comment_status":"open","ping_status":"open","sticky":false,"template":"","format":"standard","meta":{"ngg_post_thumbnail":0,"footnotes":""},"categories":[8],"tags":[],"class_list":["post-488","post","type-post","status-publish","format-standard","has-post-thumbnail","hentry","category-ivt-2016"],"_links":{"self":[{"href":"https:\/\/ipcszeged.hu\/index.php\/wp-json\/wp\/v2\/posts\/488","targetHints":{"allow":["GET"]}}],"collection":[{"href":"https:\/\/ipcszeged.hu\/index.php\/wp-json\/wp\/v2\/posts"}],"about":[{"href":"https:\/\/ipcszeged.hu\/index.php\/wp-json\/wp\/v2\/types\/post"}],"author":[{"embeddable":true,"href":"https:\/\/ipcszeged.hu\/index.php\/wp-json\/wp\/v2\/users\/1"}],"replies":[{"embeddable":true,"href":"https:\/\/ipcszeged.hu\/index.php\/wp-json\/wp\/v2\/comments?post=488"}],"version-history":[{"count":2,"href":"https:\/\/ipcszeged.hu\/index.php\/wp-json\/wp\/v2\/posts\/488\/revisions"}],"predecessor-version":[{"id":506,"href":"https:\/\/ipcszeged.hu\/index.php\/wp-json\/wp\/v2\/posts\/488\/revisions\/506"}],"wp:featuredmedia":[{"embeddable":true,"href":"https:\/\/ipcszeged.hu\/index.php\/wp-json\/wp\/v2\/media\/489"}],"wp:attachment":[{"href":"https:\/\/ipcszeged.hu\/index.php\/wp-json\/wp\/v2\/media?parent=488"}],"wp:term":[{"taxonomy":"category","embeddable":true,"href":"https:\/\/ipcszeged.hu\/index.php\/wp-json\/wp\/v2\/categories?post=488"},{"taxonomy":"post_tag","embeddable":true,"href":"https:\/\/ipcszeged.hu\/index.php\/wp-json\/wp\/v2\/tags?post=488"}],"curies":[{"name":"wp","href":"https:\/\/api.w.org\/{rel}","templated":true}]}}