{"id":440,"date":"2016-01-04T12:52:59","date_gmt":"2016-01-04T12:52:59","guid":{"rendered":"http:\/\/www.ipcszeged.hu\/?p=440"},"modified":"2016-01-04T12:53:48","modified_gmt":"2016-01-04T12:53:48","slug":"iden-is-veletek-vagyunk","status":"publish","type":"post","link":"https:\/\/ipcszeged.hu\/index.php\/2016\/01\/04\/iden-is-veletek-vagyunk\/","title":{"rendered":"Id\u00e9n is veletek vagyunk!!!!"},"content":{"rendered":"<p style=\"text-align: center;\">Figyelj\u00e9tek h\u00edrcsatorn\u00e1inkat \u00e9s t\u00e1j\u00e9koz\u00f3djatok a leg\u00e9rdekesebb\u00a0ifj\u00fas\u00e1gi programokr\u00f3l a Szeged-Csan\u00e1di Egyh\u00e1zmegy\u00e9ben&#8230;.. Magyarorsz\u00e1gon \u00e9s &#8230;&#8230;&#8230; a Nagyvil\u00e1gban!<\/p>\n<p style=\"text-align: center;\">Gyere el \u00e9s l\u00e1sd!<\/p>\n<p>&nbsp;<\/p>\n ","protected":false},"excerpt":{"rendered":"<p>Figyelj\u00e9tek h\u00edrcsatorn\u00e1inkat \u00e9s t\u00e1j\u00e9koz\u00f3djatok a leg\u00e9rdekesebb\u00a0ifj\u00fas\u00e1gi programokr\u00f3l a Szeged-Csan\u00e1di Egyh\u00e1zmegy\u00e9ben&#8230;.. Magyarorsz\u00e1gon \u00e9s &#8230;&#8230;&#8230; a Nagyvil\u00e1gban! Gyere el \u00e9s l\u00e1sd! &nbsp;<\/p>\n","protected":false},"author":1,"featured_media":441,"comment_status":"open","ping_status":"open","sticky":false,"template":"","format":"standard","meta":{"ngg_post_thumbnail":0,"footnotes":""},"categories":[1],"tags":[],"class_list":["post-440","post","type-post","status-publish","format-standard","has-post-thumbnail","hentry","category-egyeb"],"_links":{"self":[{"href":"https:\/\/ipcszeged.hu\/index.php\/wp-json\/wp\/v2\/posts\/440","targetHints":{"allow":["GET"]}}],"collection":[{"href":"https:\/\/ipcszeged.hu\/index.php\/wp-json\/wp\/v2\/posts"}],"about":[{"href":"https:\/\/ipcszeged.hu\/index.php\/wp-json\/wp\/v2\/types\/post"}],"author":[{"embeddable":true,"href":"https:\/\/ipcszeged.hu\/index.php\/wp-json\/wp\/v2\/users\/1"}],"replies":[{"embeddable":true,"href":"https:\/\/ipcszeged.hu\/index.php\/wp-json\/wp\/v2\/comments?post=440"}],"version-history":[{"count":3,"href":"https:\/\/ipcszeged.hu\/index.php\/wp-json\/wp\/v2\/posts\/440\/revisions"}],"predecessor-version":[{"id":444,"href":"https:\/\/ipcszeged.hu\/index.php\/wp-json\/wp\/v2\/posts\/440\/revisions\/444"}],"wp:featuredmedia":[{"embeddable":true,"href":"https:\/\/ipcszeged.hu\/index.php\/wp-json\/wp\/v2\/media\/441"}],"wp:attachment":[{"href":"https:\/\/ipcszeged.hu\/index.php\/wp-json\/wp\/v2\/media?parent=440"}],"wp:term":[{"taxonomy":"category","embeddable":true,"href":"https:\/\/ipcszeged.hu\/index.php\/wp-json\/wp\/v2\/categories?post=440"},{"taxonomy":"post_tag","embeddable":true,"href":"https:\/\/ipcszeged.hu\/index.php\/wp-json\/wp\/v2\/tags?post=440"}],"curies":[{"name":"wp","href":"https:\/\/api.w.org\/{rel}","templated":true}]}}