{"id":2880,"date":"2017-06-02T06:54:54","date_gmt":"2017-06-02T06:54:54","guid":{"rendered":"http:\/\/www.ipcszeged.hu\/?p=2880"},"modified":"2017-06-02T07:22:18","modified_gmt":"2017-06-02T07:22:18","slug":"te-is-szamitasz-meg-van-lehetoseg-regisztralni","status":"publish","type":"post","link":"https:\/\/ipcszeged.hu\/index.php\/2017\/06\/02\/te-is-szamitasz-meg-van-lehetoseg-regisztralni\/","title":{"rendered":"Te is sz\u00e1m\u00edtasz, m\u00e9g van lehet\u0151s\u00e9g regisztr\u00e1lni!"},"content":{"rendered":"<h2 style=\"text-align: center;\"><img decoding=\"async\" class=\"ngg-singlepic ngg-none aligncenter\" src=\"http:\/\/www.ipcszeged.hu\/wp-content\/gallery\/szent-laszlo\/szentl%C3%A1szl%C3%B3.png\" alt=\"szentl\u00e1szl\u00f3\"><\/h2>\n<h2 style=\"text-align: center;\">M\u00e1r csak 8 nap van h\u00e1tra a t\u00e1boros regisztr\u00e1ci\u00f3ig!<\/h2>\n<h2 style=\"text-align: center;\"><a href=\"http:\/\/www.ipcszeged.hu\/index.php\/xiv-egyhazmegyei-nyari-tabor\/regisztracio\/\">REGISZTR\u00c1LJ!!!!!!!!!!!!!!!!!!<\/a><\/h2>\n<p>&nbsp;<\/p>\n<h2 style=\"text-align: center;\">GYERE TE IS? SZENT L\u00c1SZL\u00d3 SZ\u00c1M\u00cdT R\u00c1D!<\/h2>\n<p>&nbsp;<\/p>\n ","protected":false},"excerpt":{"rendered":"<p>M\u00e1r csak 8 nap van h\u00e1tra a t\u00e1boros regisztr\u00e1ci\u00f3ig! REGISZTR\u00c1LJ!!!!!!!!!!!!!!!!!! &nbsp; GYERE TE IS? SZENT L\u00c1SZL\u00d3 SZ\u00c1M\u00cdT R\u00c1D! &nbsp;<\/p>\n","protected":false},"author":1,"featured_media":2889,"comment_status":"closed","ping_status":"open","sticky":false,"template":"","format":"standard","meta":{"ngg_post_thumbnail":0,"footnotes":""},"categories":[1],"tags":[],"class_list":["post-2880","post","type-post","status-publish","format-standard","has-post-thumbnail","hentry","category-egyeb"],"_links":{"self":[{"href":"https:\/\/ipcszeged.hu\/index.php\/wp-json\/wp\/v2\/posts\/2880","targetHints":{"allow":["GET"]}}],"collection":[{"href":"https:\/\/ipcszeged.hu\/index.php\/wp-json\/wp\/v2\/posts"}],"about":[{"href":"https:\/\/ipcszeged.hu\/index.php\/wp-json\/wp\/v2\/types\/post"}],"author":[{"embeddable":true,"href":"https:\/\/ipcszeged.hu\/index.php\/wp-json\/wp\/v2\/users\/1"}],"replies":[{"embeddable":true,"href":"https:\/\/ipcszeged.hu\/index.php\/wp-json\/wp\/v2\/comments?post=2880"}],"version-history":[{"count":3,"href":"https:\/\/ipcszeged.hu\/index.php\/wp-json\/wp\/v2\/posts\/2880\/revisions"}],"predecessor-version":[{"id":2890,"href":"https:\/\/ipcszeged.hu\/index.php\/wp-json\/wp\/v2\/posts\/2880\/revisions\/2890"}],"wp:featuredmedia":[{"embeddable":true,"href":"https:\/\/ipcszeged.hu\/index.php\/wp-json\/wp\/v2\/media\/2889"}],"wp:attachment":[{"href":"https:\/\/ipcszeged.hu\/index.php\/wp-json\/wp\/v2\/media?parent=2880"}],"wp:term":[{"taxonomy":"category","embeddable":true,"href":"https:\/\/ipcszeged.hu\/index.php\/wp-json\/wp\/v2\/categories?post=2880"},{"taxonomy":"post_tag","embeddable":true,"href":"https:\/\/ipcszeged.hu\/index.php\/wp-json\/wp\/v2\/tags?post=2880"}],"curies":[{"name":"wp","href":"https:\/\/api.w.org\/{rel}","templated":true}]}}