{"id":2734,"date":"2017-05-31T09:51:15","date_gmt":"2017-05-31T09:51:15","guid":{"rendered":"http:\/\/www.ipcszeged.hu\/?p=2734"},"modified":"2017-05-31T10:03:56","modified_gmt":"2017-05-31T10:03:56","slug":"az-i-egyhazmegyei-ifjusagpasztoracios-konferenciarol-kepekben","status":"publish","type":"post","link":"https:\/\/ipcszeged.hu\/index.php\/2017\/05\/31\/az-i-egyhazmegyei-ifjusagpasztoracios-konferenciarol-kepekben\/","title":{"rendered":"Az I. Egyh\u00e1zmegyei Ifj\u00fas\u00e1gpasztor\u00e1ci\u00f3s Konferenci\u00e1r\u00f3l k\u00e9pekben"},"content":{"rendered":"<p>ngg_shortcode_0_placeholderngg_shortcode_1_placeholder<\/p>\n ","protected":false},"excerpt":{"rendered":"","protected":false},"author":1,"featured_media":2876,"comment_status":"closed","ping_status":"open","sticky":false,"template":"","format":"standard","meta":{"ngg_post_thumbnail":0,"footnotes":""},"categories":[1],"tags":[],"class_list":["post-2734","post","type-post","status-publish","format-standard","has-post-thumbnail","hentry","category-egyeb"],"_links":{"self":[{"href":"https:\/\/ipcszeged.hu\/index.php\/wp-json\/wp\/v2\/posts\/2734","targetHints":{"allow":["GET"]}}],"collection":[{"href":"https:\/\/ipcszeged.hu\/index.php\/wp-json\/wp\/v2\/posts"}],"about":[{"href":"https:\/\/ipcszeged.hu\/index.php\/wp-json\/wp\/v2\/types\/post"}],"author":[{"embeddable":true,"href":"https:\/\/ipcszeged.hu\/index.php\/wp-json\/wp\/v2\/users\/1"}],"replies":[{"embeddable":true,"href":"https:\/\/ipcszeged.hu\/index.php\/wp-json\/wp\/v2\/comments?post=2734"}],"version-history":[{"count":3,"href":"https:\/\/ipcszeged.hu\/index.php\/wp-json\/wp\/v2\/posts\/2734\/revisions"}],"predecessor-version":[{"id":2878,"href":"https:\/\/ipcszeged.hu\/index.php\/wp-json\/wp\/v2\/posts\/2734\/revisions\/2878"}],"wp:featuredmedia":[{"embeddable":true,"href":"https:\/\/ipcszeged.hu\/index.php\/wp-json\/wp\/v2\/media\/2876"}],"wp:attachment":[{"href":"https:\/\/ipcszeged.hu\/index.php\/wp-json\/wp\/v2\/media?parent=2734"}],"wp:term":[{"taxonomy":"category","embeddable":true,"href":"https:\/\/ipcszeged.hu\/index.php\/wp-json\/wp\/v2\/categories?post=2734"},{"taxonomy":"post_tag","embeddable":true,"href":"https:\/\/ipcszeged.hu\/index.php\/wp-json\/wp\/v2\/tags?post=2734"}],"curies":[{"name":"wp","href":"https:\/\/api.w.org\/{rel}","templated":true}]}}