{"id":2731,"date":"2017-05-29T13:17:11","date_gmt":"2017-05-29T13:17:11","guid":{"rendered":"http:\/\/www.ipcszeged.hu\/?p=2731"},"modified":"2017-05-29T13:17:11","modified_gmt":"2017-05-29T13:17:11","slug":"isten-mindent-ujja-tett-az-egyhazmegyei-ifjusagpasztoracios-konferencia-a-media-tavlataban","status":"publish","type":"post","link":"https:\/\/ipcszeged.hu\/index.php\/2017\/05\/29\/isten-mindent-ujja-tett-az-egyhazmegyei-ifjusagpasztoracios-konferencia-a-media-tavlataban\/","title":{"rendered":"Isten mindent \u00fajj\u00e1 tett &#8211; Az Egyh\u00e1zmegyei Ifj\u00fas\u00e1gpasztor\u00e1ci\u00f3s konferencia a m\u00e9dia t\u00e1vlat\u00e1ban"},"content":{"rendered":"<h3><strong>Ifj\u00fas\u00e1gpasztor\u00e1ci\u00f3s konferenci\u00e1t tartottak a Szeged-Csan\u00e1di Egyh\u00e1zmegy\u00e9ben <\/strong><\/h3>\n<h5 style=\"text-align: center;\">A rendezv\u00e9nyt m\u00e1jus 27-\u00e9n tartott\u00e1k meg Domasz\u00e9ken, a Z\u00f6ldf\u00e1s Lelkigyakorlatos H\u00e1zban; t\u00e9m\u00e1ja \u201eUtak \u00e9s j\u00f6v\u0151k\u00e9p a fiatalok nevel\u00e9s\u00e9ben\u201d, mott\u00f3ja pedig \u201eIsten mindent \u00fajj\u00e1 tesz\u201d (v\u00f6. Iz 43,19) volt.<\/h5>\n<h5 style=\"text-align: center;\">A konferencia el\u0151est\u00e9j\u00e9n Guly\u00e1s P\u00e9ter szervezetfejleszt\u0151 tartott k\u00e9pz\u00e9st A k\u00f6z\u00f6ss\u00e9gvezet\u0151 attit\u0171djei c\u00edmmel. A p\u00e9nteki programot k\u00f6z\u00f6s szents\u00e9gim\u00e1d\u00e1s z\u00e1rta. A konferenci\u00e1n r\u00e9szt vettek az egyh\u00e1zmegye ter\u00fclet\u00e9r\u0151l \u00e9rkezett fiatalok, katek\u00e9t\u00e1k, pasztor\u00e1lis munkat\u00e1rsak \u00e9s lelkip\u00e1sztorok. Kiss-Rig\u00f3 L\u00e1szl\u00f3 szeged-csan\u00e1di megy\u00e9sp\u00fcsp\u00f6k \u00fcnnepi megnyit\u00f3besz\u00e9d\u00e9ben kiemelte a k\u00e9tir\u00e1ny\u00fa misszi\u00f3 jelent\u0151s\u00e9g\u00e9t. Egyr\u00e9szt az Egyh\u00e1znak t\u00f6rekednie kell olyan pasztor\u00e1lis utakat tal\u00e1lni, amelyeken siker\u00fcl el\u00e9rni az ifj\u00fas\u00e1got, m\u00e1sr\u00e9szt motiv\u00e1lnia kell a fiatalokat, hogy \u0151k maguk keressenek kereszt\u00e9ny k\u00f6z\u00f6ss\u00e9get. A \u201ekil\u00e9p\u00e9s \u00e9s a megh\u00edv\u00e1s misszi\u00f3j\u00e1hoz\u201d sz\u00fcks\u00e9g van az ilyen konferenci\u00e1khoz hasonl\u00f3 f\u00f3rumokra, tal\u00e1lkoz\u00f3kra \u00e9s \u00e1tgondolt tervez\u00e9sre \u2013 fejtette ki a megy\u00e9sp\u00fcsp\u00f6k.&nbsp;A konferencia els\u0151 el\u0151ad\u00e1s\u00e1t Ifj\u00fas\u00e1gpasztor\u00e1ci\u00f3 Magyarorsz\u00e1gon: van-e strat\u00e9gi\u00e1nk? c\u00edmmel G\u00e1bor Mikl\u00f3s, a Magyar Katolikus P\u00fcsp\u00f6ki Konferencia (MKPK) Ifj\u00fas\u00e1gi Bizotts\u00e1g\u00e1nak irodavezet\u0151je \u00e9s K\u00e1m\u00e1n Veronika, az iroda asszisztense tartott\u00e1k. El\u0151ad\u00e1sukban bemutatt\u00e1k az ifj\u00fas\u00e1gi bizotts\u00e1g tev\u00e9kenys\u00e9g\u00e9nek ter\u00fcleteit \u00e9s besz\u00e9ltek arr\u00f3l a negyed\u00e9vente megtartott konzultat\u00edv f\u00f3rumr\u00f3l, amely az egyh\u00e1zmegy\u00e9k ifj\u00fas\u00e1gi referenseit \u00e9s az irod\u00e1k munkat\u00e1rsait fogja \u00f6ssze. G\u00e1bor Mikl\u00f3s sz\u00f3lt Szent II. J\u00e1nos P\u00e1l, XVI. Benedek \u00e9s Ferenc p\u00e1pa fiatalokhoz val\u00f3 viszony\u00e1r\u00f3l \u00e9s a h\u00e1rom p\u00e1pa ifj\u00fas\u00e1gpasztor\u00e1ci\u00f3s koncepci\u00f3j\u00e1r\u00f3l. Az el\u0151ad\u00e1s keret\u00e9ben bemutatt\u00e1k a 2015-ben tartott orsz\u00e1gos ifj\u00fas\u00e1gpasztor\u00e1ci\u00f3s tanulm\u00e1nyi napok z\u00e1r\u00f3dokumentum\u00e1t, mely egyfajta orsz\u00e1gos ifj\u00fas\u00e1gi strat\u00e9gia alapj\u00e1nak is tekinthet\u0151. A m\u00e1sodik el\u0151ad\u00e1st F\u00e1bry Korn\u00e9l, a Nemzetk\u00f6zi Eucharisztikus Kongresszus \u00c1ltal\u00e1nos Titk\u00e1rs\u00e1g\u00e1nak f\u0151titk\u00e1ra tartotta, aki a k\u00f6z\u00f6ss\u00e9gvezet\u0151k lelkesed\u00e9s\u00e9r\u0151l \u00e9s lelkes\u00edt\u00e9s\u00e9r\u0151l besz\u00e9lt. Bevezet\u0151k\u00e9nt Szent \u00c1goston p\u00fcsp\u00f6k gondolat\u00e1t id\u00e9zte: \u201eBenned is \u00e9gnie kell annak, amit m\u00e1sokban l\u00e1ngra akarsz lobbantani.\u201d Kiemelte, hogy egy k\u00f6z\u00f6ss\u00e9gvezet\u0151nek egyszerre kell lelkes\u00edtenie \u00e9s lelkesnek maradnia, tov\u00e1bb\u00e1 k\u00e9pesnek kell lennie arra, hogy megfogalmazza, mi a c\u00e9lja a szolg\u00e1lat\u00e1nak. Legt\u00f6bb er\u0151nket arra ford\u00edtjuk, hogy mit \u00e9s hogyan v\u00e9gz\u00fcnk. Kev\u00e9sb\u00e9 besz\u00e9l\u00fcnk arr\u00f3l: Mi\u00e9rt tessz\u00fck? Miben hisz\u00fcnk? Mi\u00e9rt fontos ez nek\u00fcnk? F\u00e1bry Korn\u00e9l el\u0151ad\u00e1s\u00e1t gyakorlati tan\u00e1csokkal z\u00e1rta. A konferencia j\u00f3 alkalom volt arra, hogy bemutass\u00e1k a \u201eVitorla\u201d egyh\u00e1zmegyei k\u00f6z\u00f6ss\u00e9gvezet\u0151 k\u00e9pz\u00e9st, amelynek programj\u00e1r\u00f3l \u00e9s az ott szerzett tapasztalatokr\u00f3l h\u00e1rom \u201ematr\u00f3z\u201d (a k\u00e9pz\u00e9sben r\u00e9szt vev\u0151 szem\u00e9ly) besz\u00e9lt. A szervez\u0151k jelezt\u00e9k, hogy okt\u00f3berben indul \u00fajabb k\u00e9pz\u00e9s, amely ir\u00e1nt a konferencia r\u00e9sztvev\u0151i k\u00f6z\u00fcl is t\u00f6bben \u00e9rdekl\u0151dtek.Ezt k\u00f6vet\u0151en kiscsoportokban dolgozt\u00e1k fel a t\u00e9m\u00e1t, majd olyan j\u00f3l m\u0171k\u00f6d\u0151 gyakorlatokat mutattak be, amelyeket az egyh\u00e1zmegye pl\u00e9b\u00e1ni\u00e1in k\u00f6nnyen meg lehet val\u00f3s\u00edtani. Bemutatkozott az Anti\u00f3chia mozgalom \u00e9s k\u00e9t pl\u00e9b\u00e1niai ifj\u00fas\u00e1gi csoport, melyek k\u00f6z\u00fcl az egyik egy kistelep\u00fcl\u00e9sen, a m\u00e1sik pedig egy v\u00e1rosban m\u0171k\u00f6dik. Sz\u00f3 volt az \u00e1ltal\u00e1nos iskol\u00e1s koroszt\u00e1ly hit\u00e9breszt\u00e9s\u00e9r\u0151l, a budapest-zugl\u00f3i P\u00e1duai Szent Antal-pl\u00e9b\u00e1nia k\u00f6z\u00f6ss\u00e9gi tapasztalatair\u00f3l, a r\u00e9sztvev\u0151k kipr\u00f3b\u00e1lhatt\u00e1k a kisgyerekek hitoktat\u00e1s\u00e1ban alkalmazhat\u00f3 padl\u00f3k\u00e9p m\u00f3dszert, valamint \u00f6tleteket kaptak ministr\u00e1nscsoportok ind\u00edt\u00e1s\u00e1hoz is. A konferenci\u00e1n elhangzottakat Serf\u0151z\u0151 Levente, a Szeged-Csan\u00e1di Egyh\u00e1zmegye ifj\u00fas\u00e1gi referense \u00f6sszegezte. Kiemelte, a fiatalok megsz\u00f3l\u00edt\u00e1s\u00e1ban mindenkire sz\u00fcks\u00e9g van: minden fiatalra, minden katek\u00e9t\u00e1ra, a lelkip\u00e1sztorokra \u00e9s minden vil\u00e1gi h\u00edv\u0151re. A k\u00f6z\u00f6ss\u00e9g\u00e9p\u00edt\u00e9s m\u00f3dszereit nem lehet megker\u00fclni, de az els\u0151 l\u00e9p\u00e9s, amely mag\u00e1val ragad\u00f3 lehet, a szem\u00e9lyes tan\u00fas\u00e1gt\u00e9tel. A r\u00e9sztvev\u0151k megfogalmazt\u00e1k: nem szabad, hogy a konferencia csup\u00e1n egy rendezv\u00e9ny maradjon a sok k\u00f6z\u00fcl \u2013 tov\u00e1bb kell \u00e9p\u00edtkezni. Az els\u0151 l\u00e9p\u00e9s, hogy hazat\u00e9rve az ott megfogalmazott k\u00e9rd\u00e9sekre szem\u00e9lyes v\u00e1laszokat adjanak.<\/h5>\n<h5 style=\"text-align: center;\">Forr\u00e1s: Szeged-Csan\u00e1di Egyh\u00e1zmegye Ifj\u00fas\u00e1gpasztor\u00e1ci\u00f3s Irod\u00e1ja<\/h5>\n<h5 style=\"text-align: center;\"><a href=\"http:\/\/www.magyarkurir.hu\/hirek\/ifjusagpasztoracios-konferenciat-tartottak-a-szeged-csanadi-egyhazmegyeben#lightbox['g78361']\/7\/\">&nbsp;Magyar Kur\u00edr <\/a><\/h5>\n ","protected":false},"excerpt":{"rendered":"<p>Ifj\u00fas\u00e1gpasztor\u00e1ci\u00f3s konferenci\u00e1t tartottak a Szeged-Csan\u00e1di Egyh\u00e1zmegy\u00e9ben A rendezv\u00e9nyt m\u00e1jus 27-\u00e9n tartott\u00e1k meg Domasz\u00e9ken, a Z\u00f6ldf\u00e1s Lelkigyakorlatos H\u00e1zban; t\u00e9m\u00e1ja \u201eUtak \u00e9s j\u00f6v\u0151k\u00e9p a fiatalok nevel\u00e9s\u00e9ben\u201d, mott\u00f3ja pedig \u201eIsten mindent \u00fajj\u00e1 tesz\u201d (v\u00f6. Iz 43,19) volt. A konferencia el\u0151est\u00e9j\u00e9n Guly\u00e1s P\u00e9ter szervezetfejleszt\u0151 tartott k\u00e9pz\u00e9st A k\u00f6z\u00f6ss\u00e9gvezet\u0151 attit\u0171djei c\u00edmmel. A p\u00e9nteki programot k\u00f6z\u00f6s szents\u00e9gim\u00e1d\u00e1s z\u00e1rta. A konferenci\u00e1n r\u00e9szt&hellip; <br \/> <a class=\"read-more\" href=\"https:\/\/ipcszeged.hu\/index.php\/2017\/05\/29\/isten-mindent-ujja-tett-az-egyhazmegyei-ifjusagpasztoracios-konferencia-a-media-tavlataban\/\">Read more<\/a><\/p>\n","protected":false},"author":1,"featured_media":2732,"comment_status":"closed","ping_status":"open","sticky":false,"template":"","format":"standard","meta":{"ngg_post_thumbnail":0,"footnotes":""},"categories":[1],"tags":[],"class_list":["post-2731","post","type-post","status-publish","format-standard","has-post-thumbnail","hentry","category-egyeb"],"_links":{"self":[{"href":"https:\/\/ipcszeged.hu\/index.php\/wp-json\/wp\/v2\/posts\/2731","targetHints":{"allow":["GET"]}}],"collection":[{"href":"https:\/\/ipcszeged.hu\/index.php\/wp-json\/wp\/v2\/posts"}],"about":[{"href":"https:\/\/ipcszeged.hu\/index.php\/wp-json\/wp\/v2\/types\/post"}],"author":[{"embeddable":true,"href":"https:\/\/ipcszeged.hu\/index.php\/wp-json\/wp\/v2\/users\/1"}],"replies":[{"embeddable":true,"href":"https:\/\/ipcszeged.hu\/index.php\/wp-json\/wp\/v2\/comments?post=2731"}],"version-history":[{"count":1,"href":"https:\/\/ipcszeged.hu\/index.php\/wp-json\/wp\/v2\/posts\/2731\/revisions"}],"predecessor-version":[{"id":2733,"href":"https:\/\/ipcszeged.hu\/index.php\/wp-json\/wp\/v2\/posts\/2731\/revisions\/2733"}],"wp:featuredmedia":[{"embeddable":true,"href":"https:\/\/ipcszeged.hu\/index.php\/wp-json\/wp\/v2\/media\/2732"}],"wp:attachment":[{"href":"https:\/\/ipcszeged.hu\/index.php\/wp-json\/wp\/v2\/media?parent=2731"}],"wp:term":[{"taxonomy":"category","embeddable":true,"href":"https:\/\/ipcszeged.hu\/index.php\/wp-json\/wp\/v2\/categories?post=2731"},{"taxonomy":"post_tag","embeddable":true,"href":"https:\/\/ipcszeged.hu\/index.php\/wp-json\/wp\/v2\/tags?post=2731"}],"curies":[{"name":"wp","href":"https:\/\/api.w.org\/{rel}","templated":true}]}}