{"id":2637,"date":"2017-05-24T06:28:59","date_gmt":"2017-05-24T06:28:59","guid":{"rendered":"http:\/\/www.ipcszeged.hu\/?p=2637"},"modified":"2017-05-24T06:28:59","modified_gmt":"2017-05-24T06:28:59","slug":"bit-001-ujkigyos","status":"publish","type":"post","link":"https:\/\/ipcszeged.hu\/index.php\/2017\/05\/24\/bit-001-ujkigyos\/","title":{"rendered":"BIT-001 \u00dajk\u00edgy\u00f3s"},"content":{"rendered":"<p>Kapcsolatban vagy? mott\u00f3val szervez\u0151d\u00f6tt meg a B\u00e9k\u00e9s Megyei Ifj\u00fas\u00e1gi Tal\u00e1lkoz\u00f3 \u00dajk\u00edgy\u00f3son. A tal\u00e1lkoz\u00f3 alkalm\u00e1val a szervez\u0151k \u00e9rdekes csoportmunk\u00e1val k\u00e9sz\u00fcltek, a d\u00e9lut\u00e1n folyam\u00e1n pedig a fiatalok &nbsp;csoportokban k\u00fcl\u00f6nb\u00f6z\u0151 \u00fcgyess\u00e9gi feladatokon vehettek r\u00e9szt. De szavak helyett besz\u00e9ljenek a k\u00e9pek:<\/p>\nngg_shortcode_0_placeholder\n ","protected":false},"excerpt":{"rendered":"<p>Kapcsolatban vagy? mott\u00f3val szervez\u0151d\u00f6tt meg a B\u00e9k\u00e9s Megyei Ifj\u00fas\u00e1gi Tal\u00e1lkoz\u00f3 \u00dajk\u00edgy\u00f3son. A tal\u00e1lkoz\u00f3 alkalm\u00e1val a szervez\u0151k \u00e9rdekes csoportmunk\u00e1val k\u00e9sz\u00fcltek, a d\u00e9lut\u00e1n folyam\u00e1n pedig a fiatalok &nbsp;csoportokban k\u00fcl\u00f6nb\u00f6z\u0151 \u00fcgyess\u00e9gi feladatokon vehettek r\u00e9szt. De szavak helyett besz\u00e9ljenek a k\u00e9pek:<\/p>\n","protected":false},"author":1,"featured_media":2415,"comment_status":"closed","ping_status":"open","sticky":false,"template":"","format":"standard","meta":{"ngg_post_thumbnail":0,"footnotes":""},"categories":[1],"tags":[],"class_list":["post-2637","post","type-post","status-publish","format-standard","has-post-thumbnail","hentry","category-egyeb"],"_links":{"self":[{"href":"https:\/\/ipcszeged.hu\/index.php\/wp-json\/wp\/v2\/posts\/2637","targetHints":{"allow":["GET"]}}],"collection":[{"href":"https:\/\/ipcszeged.hu\/index.php\/wp-json\/wp\/v2\/posts"}],"about":[{"href":"https:\/\/ipcszeged.hu\/index.php\/wp-json\/wp\/v2\/types\/post"}],"author":[{"embeddable":true,"href":"https:\/\/ipcszeged.hu\/index.php\/wp-json\/wp\/v2\/users\/1"}],"replies":[{"embeddable":true,"href":"https:\/\/ipcszeged.hu\/index.php\/wp-json\/wp\/v2\/comments?post=2637"}],"version-history":[{"count":1,"href":"https:\/\/ipcszeged.hu\/index.php\/wp-json\/wp\/v2\/posts\/2637\/revisions"}],"predecessor-version":[{"id":2730,"href":"https:\/\/ipcszeged.hu\/index.php\/wp-json\/wp\/v2\/posts\/2637\/revisions\/2730"}],"wp:featuredmedia":[{"embeddable":true,"href":"https:\/\/ipcszeged.hu\/index.php\/wp-json\/wp\/v2\/media\/2415"}],"wp:attachment":[{"href":"https:\/\/ipcszeged.hu\/index.php\/wp-json\/wp\/v2\/media?parent=2637"}],"wp:term":[{"taxonomy":"category","embeddable":true,"href":"https:\/\/ipcszeged.hu\/index.php\/wp-json\/wp\/v2\/categories?post=2637"},{"taxonomy":"post_tag","embeddable":true,"href":"https:\/\/ipcszeged.hu\/index.php\/wp-json\/wp\/v2\/tags?post=2637"}],"curies":[{"name":"wp","href":"https:\/\/api.w.org\/{rel}","templated":true}]}}