{"id":2629,"date":"2017-05-16T09:09:23","date_gmt":"2017-05-16T09:09:23","guid":{"rendered":"http:\/\/www.ipcszeged.hu\/?p=2629"},"modified":"2018-03-14T07:42:05","modified_gmt":"2018-03-14T07:42:05","slug":"kiraly-vagy-mar-csak-25-napod-maradt-a-regisztraciobol","status":"publish","type":"post","link":"https:\/\/ipcszeged.hu\/index.php\/2017\/05\/16\/kiraly-vagy-mar-csak-25-napod-maradt-a-regisztraciobol\/","title":{"rendered":"Kir\u00e1ly vagy! &#8211; M\u00e1r csak 25 napod maradt a regisztr\u00e1ci\u00f3b\u00f3l!"},"content":{"rendered":"<p style=\"text-align: center;\">Kedves T\u00e1borozni v\u00e1gy\u00f3k!<\/p>\n<p>&nbsp;<\/p>\n<blockquote>\n<p style=\"text-align: center;\">&nbsp;&nbsp;&nbsp;&nbsp;&nbsp;&nbsp;&nbsp;&nbsp;&nbsp;&nbsp;&nbsp; Az idei, XIV. Egyh\u00e1zmegyei Ny\u00e1ri T\u00e1borra (2017. j\u00fanius. 26 \u2013 j\u00falius 3. egyre t\u00f6bben jelentkeznek, de m\u00e9g mindig vannak szabad hely a sz\u00e1modra.&nbsp;<\/p>\n<\/blockquote>\n<p>T\u00e1bor t\u00e9m\u00e1ja: \u201eKir\u00e1ly vagy!\u201d \u2013 a Szent L\u00e1szl\u00f3 \u00e9v kapcs\u00e1n<\/p>\n<p>Hogy mi\u00e9rt \u00e9rdemes a t\u00e1borra jelentkezni?<\/p>\n<ul>\n<li>Mert sok \u00faj bar\u00e1tot szerezhetsz<\/li>\n<li>Sok \u00e9rt\u00e9ket kaphatsz az \u00e9rdekes el\u0151ad\u00e1sok sor\u00e1n<\/li>\n<li>Jobban megismerheted az egyh\u00e1zmegy\u00e9d ter\u00fclet\u00e9t a kir\u00e1ndul\u00e1soknak k\u00f6sz\u00f6nhet\u0151en<\/li>\n<li>Sportolhatsz \u00e9s strandolhatsz a sz\u00e9p ny\u00e1ri id\u0151ben<\/li>\n<li>Elszakadhatsz a k\u00f6z\u00f6ss\u00e9gi oldalak \u00e9s a net vil\u00e1g\u00e1t\u00f3l<\/li>\n<li>Hasonl\u00f3 \u00e9rt\u00e9keket k\u00e9pvisel\u0151 katolikus fiatalok k\u00f6r\u00e9ben t\u00f6ltheted el a ny\u00e1r legszuperebb het\u00e9t<\/li>\n<li>Tal\u00e1lkozhatsz Szent L\u00e1szl\u00f3 er\u00e9nyeivel \u00e9s legend\u00e1ival<\/li>\n<li>\u00c9s mindez csup\u00e1n 10.000 Ft-ba ker\u00fcl.<\/li>\n<\/ul>\n<p style=\"text-align: center;\">A t\u00e1borba a 13 \u2013 18 \u00e9v k\u00f6z\u00f6tti fiatalokat v\u00e1rjuk!<\/p>\n<h4 style=\"text-align: center;\"><a href=\"https:\/\/goo.gl\/forms\/6AYYABsRXmzRUTJC2\"><strong>Regisztr\u00e1lom magam a t\u00e1borra!<\/strong><\/a><\/h4>\n<h4 style=\"text-align: center;\"><strong>Regisztr\u00e1lni &nbsp;2017. j\u00fanius 10-ig lehet!&nbsp;<\/strong><\/h4>\n<p style=\"text-align: center;\">B\u0151vebb inform\u00e1ci\u00f3 k\u00e9rhet\u0151 az <a href=\"mailto:ipc.szeged@gmail.com\">ipc.szeged@gmail.com<\/a> c\u00edmen.<\/p>\n<p style=\"text-align: center;\">&nbsp;V\u00e1rjuk a jelentkez\u00e9sedet!<\/p>\n ","protected":false},"excerpt":{"rendered":"<p>Kedves T\u00e1borozni v\u00e1gy\u00f3k! &nbsp; &nbsp;&nbsp;&nbsp;&nbsp;&nbsp;&nbsp;&nbsp;&nbsp;&nbsp;&nbsp;&nbsp; Az idei, XIV. Egyh\u00e1zmegyei Ny\u00e1ri T\u00e1borra (2017. j\u00fanius. 26 \u2013 j\u00falius 3. egyre t\u00f6bben jelentkeznek, de m\u00e9g mindig vannak szabad hely a sz\u00e1modra.&nbsp; T\u00e1bor t\u00e9m\u00e1ja: \u201eKir\u00e1ly vagy!\u201d \u2013 a Szent L\u00e1szl\u00f3 \u00e9v kapcs\u00e1n Hogy mi\u00e9rt \u00e9rdemes a t\u00e1borra jelentkezni? Mert sok \u00faj bar\u00e1tot szerezhetsz Sok \u00e9rt\u00e9ket kaphatsz az \u00e9rdekes el\u0151ad\u00e1sok&hellip; <br \/> <a class=\"read-more\" href=\"https:\/\/ipcszeged.hu\/index.php\/2017\/05\/16\/kiraly-vagy-mar-csak-25-napod-maradt-a-regisztraciobol\/\">Read more<\/a><\/p>\n","protected":false},"author":1,"featured_media":7400,"comment_status":"closed","ping_status":"open","sticky":false,"template":"","format":"standard","meta":{"ngg_post_thumbnail":0,"footnotes":""},"categories":[1],"tags":[],"class_list":["post-2629","post","type-post","status-publish","format-standard","has-post-thumbnail","hentry","category-egyeb"],"_links":{"self":[{"href":"https:\/\/ipcszeged.hu\/index.php\/wp-json\/wp\/v2\/posts\/2629","targetHints":{"allow":["GET"]}}],"collection":[{"href":"https:\/\/ipcszeged.hu\/index.php\/wp-json\/wp\/v2\/posts"}],"about":[{"href":"https:\/\/ipcszeged.hu\/index.php\/wp-json\/wp\/v2\/types\/post"}],"author":[{"embeddable":true,"href":"https:\/\/ipcszeged.hu\/index.php\/wp-json\/wp\/v2\/users\/1"}],"replies":[{"embeddable":true,"href":"https:\/\/ipcszeged.hu\/index.php\/wp-json\/wp\/v2\/comments?post=2629"}],"version-history":[{"count":1,"href":"https:\/\/ipcszeged.hu\/index.php\/wp-json\/wp\/v2\/posts\/2629\/revisions"}],"predecessor-version":[{"id":2634,"href":"https:\/\/ipcszeged.hu\/index.php\/wp-json\/wp\/v2\/posts\/2629\/revisions\/2634"}],"wp:featuredmedia":[{"embeddable":true,"href":"https:\/\/ipcszeged.hu\/index.php\/wp-json\/wp\/v2\/media\/7400"}],"wp:attachment":[{"href":"https:\/\/ipcszeged.hu\/index.php\/wp-json\/wp\/v2\/media?parent=2629"}],"wp:term":[{"taxonomy":"category","embeddable":true,"href":"https:\/\/ipcszeged.hu\/index.php\/wp-json\/wp\/v2\/categories?post=2629"},{"taxonomy":"post_tag","embeddable":true,"href":"https:\/\/ipcszeged.hu\/index.php\/wp-json\/wp\/v2\/tags?post=2629"}],"curies":[{"name":"wp","href":"https:\/\/api.w.org\/{rel}","templated":true}]}}