{"id":2598,"date":"2017-05-02T09:01:03","date_gmt":"2017-05-02T09:01:03","guid":{"rendered":"http:\/\/www.ipcszeged.hu\/?p=2598"},"modified":"2020-06-09T07:35:53","modified_gmt":"2020-06-09T07:35:53","slug":"zakanyszeki-korzeti-talalkozo","status":"publish","type":"post","link":"https:\/\/ipcszeged.hu\/index.php\/2017\/05\/02\/zakanyszeki-korzeti-talalkozo\/","title":{"rendered":"Z\u00e1k\u00e1nysz\u00e9ki K\u00f6rzeti Tal\u00e1lkoz\u00f3"},"content":{"rendered":"<p>2017. \u00e1prilis 8-\u00e1n szervezt\u00e9k meg a m\u00f3rahalmi k\u00f6rzet telep\u00fcl\u00e9sei tavaszi tal\u00e1lkoz\u00f3jukat Z\u00e1k\u00e1nysz\u00e9ken, ahol 40 fiatal vett r\u00e9szt a programon. A nap szentmis\u00e9vel kezd\u0151d\u00f6tt, ami ut\u00e1n a fiatalok a z\u00e1k\u00e1nysz\u00e9ki sportcsarnokban \u00e9s sportp\u00e1ly\u00e1n m\u00e9ta m\u00e9rk\u0151z\u00e9sek kereteiben m\u00e9rhett\u00e9k \u00f6ssze er\u0151nl\u00e9t\u00fcket.&nbsp;<\/p>\n<p>De szavak helyett besz\u00e9ljenek ink\u00e1bb a k\u00e9pek&#8230;..<\/p>\nngg_shortcode_0_placeholder\n ","protected":false},"excerpt":{"rendered":"<p>2017. \u00e1prilis 8-\u00e1n szervezt\u00e9k meg a m\u00f3rahalmi k\u00f6rzet telep\u00fcl\u00e9sei tavaszi tal\u00e1lkoz\u00f3jukat Z\u00e1k\u00e1nysz\u00e9ken, ahol 40 fiatal vett r\u00e9szt a programon. A nap szentmis\u00e9vel kezd\u0151d\u00f6tt, ami ut\u00e1n a fiatalok a z\u00e1k\u00e1nysz\u00e9ki sportcsarnokban \u00e9s sportp\u00e1ly\u00e1n m\u00e9ta m\u00e9rk\u0151z\u00e9sek kereteiben m\u00e9rhett\u00e9k \u00f6ssze er\u0151nl\u00e9t\u00fcket.&nbsp; De szavak helyett besz\u00e9ljenek ink\u00e1bb a k\u00e9pek&#8230;..<\/p>\n","protected":false},"author":1,"featured_media":2626,"comment_status":"closed","ping_status":"open","sticky":false,"template":"","format":"standard","meta":{"ngg_post_thumbnail":0,"footnotes":""},"categories":[1],"tags":[],"class_list":["post-2598","post","type-post","status-publish","format-standard","has-post-thumbnail","hentry","category-egyeb"],"_links":{"self":[{"href":"https:\/\/ipcszeged.hu\/index.php\/wp-json\/wp\/v2\/posts\/2598","targetHints":{"allow":["GET"]}}],"collection":[{"href":"https:\/\/ipcszeged.hu\/index.php\/wp-json\/wp\/v2\/posts"}],"about":[{"href":"https:\/\/ipcszeged.hu\/index.php\/wp-json\/wp\/v2\/types\/post"}],"author":[{"embeddable":true,"href":"https:\/\/ipcszeged.hu\/index.php\/wp-json\/wp\/v2\/users\/1"}],"replies":[{"embeddable":true,"href":"https:\/\/ipcszeged.hu\/index.php\/wp-json\/wp\/v2\/comments?post=2598"}],"version-history":[{"count":10,"href":"https:\/\/ipcszeged.hu\/index.php\/wp-json\/wp\/v2\/posts\/2598\/revisions"}],"predecessor-version":[{"id":16568,"href":"https:\/\/ipcszeged.hu\/index.php\/wp-json\/wp\/v2\/posts\/2598\/revisions\/16568"}],"wp:featuredmedia":[{"embeddable":true,"href":"https:\/\/ipcszeged.hu\/index.php\/wp-json\/wp\/v2\/media\/2626"}],"wp:attachment":[{"href":"https:\/\/ipcszeged.hu\/index.php\/wp-json\/wp\/v2\/media?parent=2598"}],"wp:term":[{"taxonomy":"category","embeddable":true,"href":"https:\/\/ipcszeged.hu\/index.php\/wp-json\/wp\/v2\/categories?post=2598"},{"taxonomy":"post_tag","embeddable":true,"href":"https:\/\/ipcszeged.hu\/index.php\/wp-json\/wp\/v2\/tags?post=2598"}],"curies":[{"name":"wp","href":"https:\/\/api.w.org\/{rel}","templated":true}]}}