{"id":2403,"date":"2017-04-18T10:10:38","date_gmt":"2017-04-18T10:10:38","guid":{"rendered":"http:\/\/www.ipcszeged.hu\/?p=2403"},"modified":"2018-03-14T07:42:41","modified_gmt":"2018-03-14T07:42:41","slug":"kiraly-vagy-xiv-egyhazmegyei-nyari-tabor","status":"publish","type":"post","link":"https:\/\/ipcszeged.hu\/index.php\/2017\/04\/18\/kiraly-vagy-xiv-egyhazmegyei-nyari-tabor\/","title":{"rendered":"Kir\u00e1ly vagy! &#8211; XIV. Egyh\u00e1zmegyei Ny\u00e1ri T\u00e1bor"},"content":{"rendered":"<h4>Egy k\u00f6z\u00e9pkori kalandra v\u00e1gysz?<\/h4>\n<h4>Szeretn\u00e9d bej\u00e1rni az er\u00e9nyek mezej\u00e9t?<\/h4>\n<h4>Lovagt\u00e1rsakat keresel?<\/h4>\n<h4>&nbsp;<\/h4>\n<h4>Akkor 2017. j\u00fanius 26. \u00e9s j\u00falius 2. k\u00f6z\u00f6tt a &#8220;Domasz\u00e9k &#8211; Z\u00f6ldf\u00e1si kir\u00e1lyi udvarban&#8221; a helyed!<\/h4>\n<h4><a href=\"http:\/\/www.ipcszeged.hu\/index.php\/xiv-egyhazmegyei-nyari-tabor\/regisztracio\/\">Regisztr\u00e1lj<\/a>, hogy Te is felv\u00e9rtez\u0151dj az er\u00e9nyekkel!<\/h4>\n ","protected":false},"excerpt":{"rendered":"<p>Egy k\u00f6z\u00e9pkori kalandra v\u00e1gysz? Szeretn\u00e9d bej\u00e1rni az er\u00e9nyek mezej\u00e9t? Lovagt\u00e1rsakat keresel? &nbsp; Akkor 2017. j\u00fanius 26. \u00e9s j\u00falius 2. k\u00f6z\u00f6tt a &#8220;Domasz\u00e9k &#8211; Z\u00f6ldf\u00e1si kir\u00e1lyi udvarban&#8221; a helyed! Regisztr\u00e1lj, hogy Te is felv\u00e9rtez\u0151dj az er\u00e9nyekkel!<\/p>\n","protected":false},"author":1,"featured_media":7400,"comment_status":"closed","ping_status":"open","sticky":false,"template":"","format":"standard","meta":{"ngg_post_thumbnail":0,"footnotes":""},"categories":[1],"tags":[],"class_list":["post-2403","post","type-post","status-publish","format-standard","has-post-thumbnail","hentry","category-egyeb"],"_links":{"self":[{"href":"https:\/\/ipcszeged.hu\/index.php\/wp-json\/wp\/v2\/posts\/2403","targetHints":{"allow":["GET"]}}],"collection":[{"href":"https:\/\/ipcszeged.hu\/index.php\/wp-json\/wp\/v2\/posts"}],"about":[{"href":"https:\/\/ipcszeged.hu\/index.php\/wp-json\/wp\/v2\/types\/post"}],"author":[{"embeddable":true,"href":"https:\/\/ipcszeged.hu\/index.php\/wp-json\/wp\/v2\/users\/1"}],"replies":[{"embeddable":true,"href":"https:\/\/ipcszeged.hu\/index.php\/wp-json\/wp\/v2\/comments?post=2403"}],"version-history":[{"count":3,"href":"https:\/\/ipcszeged.hu\/index.php\/wp-json\/wp\/v2\/posts\/2403\/revisions"}],"predecessor-version":[{"id":7401,"href":"https:\/\/ipcszeged.hu\/index.php\/wp-json\/wp\/v2\/posts\/2403\/revisions\/7401"}],"wp:featuredmedia":[{"embeddable":true,"href":"https:\/\/ipcszeged.hu\/index.php\/wp-json\/wp\/v2\/media\/7400"}],"wp:attachment":[{"href":"https:\/\/ipcszeged.hu\/index.php\/wp-json\/wp\/v2\/media?parent=2403"}],"wp:term":[{"taxonomy":"category","embeddable":true,"href":"https:\/\/ipcszeged.hu\/index.php\/wp-json\/wp\/v2\/categories?post=2403"},{"taxonomy":"post_tag","embeddable":true,"href":"https:\/\/ipcszeged.hu\/index.php\/wp-json\/wp\/v2\/tags?post=2403"}],"curies":[{"name":"wp","href":"https:\/\/api.w.org\/{rel}","templated":true}]}}