{"id":2392,"date":"2017-04-15T07:46:45","date_gmt":"2017-04-15T07:46:45","guid":{"rendered":"http:\/\/www.ipcszeged.hu\/?p=2392"},"modified":"2017-04-15T07:46:45","modified_gmt":"2017-04-15T07:46:45","slug":"bekesseg-nektek-amint-engem-kuldott-az-atya-ugy-kuldelek-en-is-titeket","status":"publish","type":"post","link":"https:\/\/ipcszeged.hu\/index.php\/2017\/04\/15\/bekesseg-nektek-amint-engem-kuldott-az-atya-ugy-kuldelek-en-is-titeket\/","title":{"rendered":"&#8220;B\u00e9kess\u00e9g nektek! Amint engem k\u00fcld\u00f6tt az Atya, \u00fagy k\u00fcldelek \u00e9n is titeket.&#8221;"},"content":{"rendered":"<table width=\"600\">\n<tbody>\n<tr>\n<td width=\"600\">\n<table width=\"100%\">\n<tbody>\n<tr>\n<td>\n<h4 style=\"text-align: center;\"><strong><em>&#8220;B\u00e9kess\u00e9g nektek! Amint engem k\u00fcld\u00f6tt az Atya, \u00fagy k\u00fcldelek \u00e9n is titeket.&#8221;<\/em><\/strong><\/h4>\n<h4 style=\"text-align: center;\"><strong><em>\/Jn 20, 21\/<\/em><\/strong><\/h4>\n<h4 style=\"text-align: center;\"><\/h4>\n<h4 style=\"text-align: center;\">A felt\u00e1madt Krisztus szavaival k\u00edv\u00e1nunk \u00e1ldott, kegyelemteljes H\u00fasv\u00e9ti \u00dcnnepeket!<\/h4>\n<h4 style=\"text-align: center;\"><strong>\u00dcdv\u00f6zlettel:\u00a0<\/strong><\/h4>\n<h4 style=\"text-align: center;\"><strong>Serf\u0151z\u0151 Levente\u00a0<\/strong><\/h4>\n<h4 style=\"text-align: center;\"><b>ifj\u00fas\u00e1gi referens<\/b><\/h4>\n<h4 style=\"text-align: center;\"><strong>valamint az<\/strong><\/h4>\n<h4 style=\"text-align: center;\"><strong>\u00a0Ifj\u00fas\u00e1gpasztor\u00e1ci\u00f3s Iroda munkat\u00e1rsai\u00a0<\/strong><\/h4>\n<\/td>\n<\/tr>\n<\/tbody>\n<\/table>\n<\/td>\n<\/tr>\n<\/tbody>\n<\/table>\n ","protected":false},"excerpt":{"rendered":"<p>&#8220;B\u00e9kess\u00e9g nektek! Amint engem k\u00fcld\u00f6tt az Atya, \u00fagy k\u00fcldelek \u00e9n is titeket.&#8221; \/Jn 20, 21\/ A felt\u00e1madt Krisztus szavaival k\u00edv\u00e1nunk \u00e1ldott, kegyelemteljes H\u00fasv\u00e9ti \u00dcnnepeket! \u00dcdv\u00f6zlettel:\u00a0 Serf\u0151z\u0151 Levente\u00a0 ifj\u00fas\u00e1gi referens valamint az \u00a0Ifj\u00fas\u00e1gpasztor\u00e1ci\u00f3s Iroda munkat\u00e1rsai\u00a0<\/p>\n","protected":false},"author":1,"featured_media":2393,"comment_status":"closed","ping_status":"open","sticky":false,"template":"","format":"standard","meta":{"ngg_post_thumbnail":0,"footnotes":""},"categories":[1],"tags":[],"class_list":["post-2392","post","type-post","status-publish","format-standard","has-post-thumbnail","hentry","category-egyeb"],"_links":{"self":[{"href":"https:\/\/ipcszeged.hu\/index.php\/wp-json\/wp\/v2\/posts\/2392","targetHints":{"allow":["GET"]}}],"collection":[{"href":"https:\/\/ipcszeged.hu\/index.php\/wp-json\/wp\/v2\/posts"}],"about":[{"href":"https:\/\/ipcszeged.hu\/index.php\/wp-json\/wp\/v2\/types\/post"}],"author":[{"embeddable":true,"href":"https:\/\/ipcszeged.hu\/index.php\/wp-json\/wp\/v2\/users\/1"}],"replies":[{"embeddable":true,"href":"https:\/\/ipcszeged.hu\/index.php\/wp-json\/wp\/v2\/comments?post=2392"}],"version-history":[{"count":1,"href":"https:\/\/ipcszeged.hu\/index.php\/wp-json\/wp\/v2\/posts\/2392\/revisions"}],"predecessor-version":[{"id":2394,"href":"https:\/\/ipcszeged.hu\/index.php\/wp-json\/wp\/v2\/posts\/2392\/revisions\/2394"}],"wp:featuredmedia":[{"embeddable":true,"href":"https:\/\/ipcszeged.hu\/index.php\/wp-json\/wp\/v2\/media\/2393"}],"wp:attachment":[{"href":"https:\/\/ipcszeged.hu\/index.php\/wp-json\/wp\/v2\/media?parent=2392"}],"wp:term":[{"taxonomy":"category","embeddable":true,"href":"https:\/\/ipcszeged.hu\/index.php\/wp-json\/wp\/v2\/categories?post=2392"},{"taxonomy":"post_tag","embeddable":true,"href":"https:\/\/ipcszeged.hu\/index.php\/wp-json\/wp\/v2\/tags?post=2392"}],"curies":[{"name":"wp","href":"https:\/\/api.w.org\/{rel}","templated":true}]}}