{"id":2323,"date":"2017-04-16T00:15:11","date_gmt":"2017-04-16T00:15:11","guid":{"rendered":"http:\/\/www.ipcszeged.hu\/?p=2323"},"modified":"2017-02-23T12:43:20","modified_gmt":"2017-02-23T12:43:20","slug":"amikor-asztalhoz-ultek-kezebe-vette-a-kenyeret-aldast-mondott-megtorte-es-odanyujtotta-nekik-erre-megnyilt-a-szemuk-es-felismertek-lk-24-30","status":"publish","type":"post","link":"https:\/\/ipcszeged.hu\/index.php\/2017\/04\/16\/amikor-asztalhoz-ultek-kezebe-vette-a-kenyeret-aldast-mondott-megtorte-es-odanyujtotta-nekik-erre-megnyilt-a-szemuk-es-felismertek-lk-24-30\/","title":{"rendered":"Amikor asztalhoz \u00fcltek, kez\u00e9be vette a kenyeret, \u00e1ld\u00e1st  mondott, megt\u00f6rte, \u00e9s odany\u00fajtotta nekik. Erre megny\u00edlt a  szem\u00fck \u00e9s felismert\u00e9k. (Lk 24, 30)"},"content":{"rendered":"<blockquote>\n<p style=\"text-align: center;\">A felt\u00e1mad\u00e1s elbesz\u00e9l\u00e9sek, &#8211; tal\u00e1lkoz\u00e1sok cs\u00facspontja, amikor megny\u00edlik a tan\u00edtv\u00e1ny szeme, \u00e9s\u00a0felismeri mester\u00e9t. Ekkor v\u00e1lik tudatoss\u00e1, \u00e9l\u0151v\u00e9, bizonyoss\u00e1 sz\u00e1m\u00e1ra, hogy a Mester \u00e9l, tan\u00edtv\u00e1ny\u00e1val,\u00a0k\u00f6vet\u0151j\u00e9vel van, tov\u00e1bbra is fontos sz\u00e1m\u00e1ra. Ez a\u00a0jelenl\u00e9t felszabad\u00edt\u00f3, megh\u00edv\u00f3, \u00f6r\u00f6mteli.\u00a0A k\u00e9rd\u00e9sem ilyenkor az: akar-e velem is tal\u00e1lkozni a f\u00f6lt\u00e1madott \u00dar? Megtapasztalhatom-e jelenl\u00e9t\u00e9t, mint J\u00e9zus tan\u00edtv\u00e1nyai: a tizenkett\u0151, M\u00e1ria\u00a0Magdolna, az asszonyok&#8230;?\u00a0Ehhez a felismer\u00e9shez egy \u00fat vezet: a tan\u00edtv\u00e1ny\u00a0\u00fatja, az \u00dar k\u00f6vet\u00e9se, a hozz\u00e1 tartoz\u00f3kkal val\u00f3 k\u00f6z\u00f6ss\u00e9g keres\u00e9se, meg\u00e9l\u00e9se. Hagyni, hogy kivigyen\u00a0a megfelel\u00e9sek, a t\u00e1rsadalom szabta hat\u00e1rokon\u00a0t\u00fal. Kivigyen a biztons\u00e1gomb\u00f3l, az eltervezettb\u0151l,\u00a0az el\u0151re l\u00e1that\u00f3b\u00f3l, hogy \u00faj \u00e9letre vezessen. Kell\u00a0a nagyh\u00e9t tapasztalata, az \u00fcress\u00e9g\u00e9, a lelkem szeg\u00e9nys\u00e9g\u00e9nek meg\u00e9l\u00e9se, amikor a ki\u00fcresedetts\u00e9gembe be\u00e1rad mindaz a szenved\u00e9s, f\u00e1jdalom, hi\u00e1baval\u00f3s\u00e1g, sz\u00e9tszak\u00edtotts\u00e1g, elt\u00e1volod\u00e1s, ami a vil\u00e1gban\u00a0van. Ha hajland\u00f3 vagyok ezt elszenvedni, meg\u00e9lni\u00a0az \u00darral, akkor ezt a hal\u00e1lt \u00e1talak\u00edtja bennem felt\u00e1mad\u00e1ss\u00e1. Ez az \u0151 titka, miszt\u00e9riuma. Ha vele\u00a0maradok, nem puszt\u00edt el a sok szenved\u00e9s, mely a\u00a0vil\u00e1gban van, hanem az \u00e9letre vezet. Megtan\u00edt arra,\u00a0hogy b\u00edzzak az \u0151 jelenl\u00e9t\u00e9ben, a vele val\u00f3 kapcsolatban akkor is, ha s\u00f6t\u00e9tben vagyok.\u00a0Most ink\u00e1bb az a k\u00e9rd\u00e9s: a nagyh\u00e9t k\u00fcl\u00f6nb\u00f6z\u0151\u00a0tapasztalatain, megjelen\u00e9si form\u00e1in kereszt\u00fcl v\u00e1gyom-e arra, hogy tal\u00e1lkozzam a F\u00f6lt\u00e1madottal?<\/p>\n<\/blockquote>\n ","protected":false},"excerpt":{"rendered":"<p>A felt\u00e1mad\u00e1s elbesz\u00e9l\u00e9sek, &#8211; tal\u00e1lkoz\u00e1sok cs\u00facspontja, amikor megny\u00edlik a tan\u00edtv\u00e1ny szeme, \u00e9s\u00a0felismeri mester\u00e9t. Ekkor v\u00e1lik tudatoss\u00e1, \u00e9l\u0151v\u00e9, bizonyoss\u00e1 sz\u00e1m\u00e1ra, hogy a Mester \u00e9l, tan\u00edtv\u00e1ny\u00e1val,\u00a0k\u00f6vet\u0151j\u00e9vel van, tov\u00e1bbra is fontos sz\u00e1m\u00e1ra. Ez a\u00a0jelenl\u00e9t felszabad\u00edt\u00f3, megh\u00edv\u00f3, \u00f6r\u00f6mteli.\u00a0A k\u00e9rd\u00e9sem ilyenkor az: akar-e velem is tal\u00e1lkozni a f\u00f6lt\u00e1madott \u00dar? Megtapasztalhatom-e jelenl\u00e9t\u00e9t, mint J\u00e9zus tan\u00edtv\u00e1nyai: a tizenkett\u0151, M\u00e1ria\u00a0Magdolna, az asszonyok&#8230;?\u00a0Ehhez a&hellip; <br \/> <a class=\"read-more\" href=\"https:\/\/ipcszeged.hu\/index.php\/2017\/04\/16\/amikor-asztalhoz-ultek-kezebe-vette-a-kenyeret-aldast-mondott-megtorte-es-odanyujtotta-nekik-erre-megnyilt-a-szemuk-es-felismertek-lk-24-30\/\">Read more<\/a><\/p>\n","protected":false},"author":1,"featured_media":2315,"comment_status":"closed","ping_status":"open","sticky":false,"template":"","format":"standard","meta":{"ngg_post_thumbnail":0,"footnotes":""},"categories":[1],"tags":[],"class_list":["post-2323","post","type-post","status-publish","format-standard","has-post-thumbnail","hentry","category-egyeb"],"_links":{"self":[{"href":"https:\/\/ipcszeged.hu\/index.php\/wp-json\/wp\/v2\/posts\/2323","targetHints":{"allow":["GET"]}}],"collection":[{"href":"https:\/\/ipcszeged.hu\/index.php\/wp-json\/wp\/v2\/posts"}],"about":[{"href":"https:\/\/ipcszeged.hu\/index.php\/wp-json\/wp\/v2\/types\/post"}],"author":[{"embeddable":true,"href":"https:\/\/ipcszeged.hu\/index.php\/wp-json\/wp\/v2\/users\/1"}],"replies":[{"embeddable":true,"href":"https:\/\/ipcszeged.hu\/index.php\/wp-json\/wp\/v2\/comments?post=2323"}],"version-history":[{"count":1,"href":"https:\/\/ipcszeged.hu\/index.php\/wp-json\/wp\/v2\/posts\/2323\/revisions"}],"predecessor-version":[{"id":2324,"href":"https:\/\/ipcszeged.hu\/index.php\/wp-json\/wp\/v2\/posts\/2323\/revisions\/2324"}],"wp:featuredmedia":[{"embeddable":true,"href":"https:\/\/ipcszeged.hu\/index.php\/wp-json\/wp\/v2\/media\/2315"}],"wp:attachment":[{"href":"https:\/\/ipcszeged.hu\/index.php\/wp-json\/wp\/v2\/media?parent=2323"}],"wp:term":[{"taxonomy":"category","embeddable":true,"href":"https:\/\/ipcszeged.hu\/index.php\/wp-json\/wp\/v2\/categories?post=2323"},{"taxonomy":"post_tag","embeddable":true,"href":"https:\/\/ipcszeged.hu\/index.php\/wp-json\/wp\/v2\/tags?post=2323"}],"curies":[{"name":"wp","href":"https:\/\/api.w.org\/{rel}","templated":true}]}}