{"id":2320,"date":"2017-04-09T00:15:04","date_gmt":"2017-04-09T00:15:04","guid":{"rendered":"http:\/\/www.ipcszeged.hu\/?p=2320"},"modified":"2017-03-07T07:40:37","modified_gmt":"2017-03-07T07:40:37","slug":"istenem-istenem-miert-hagytal-el-engem-mt-2746","status":"publish","type":"post","link":"https:\/\/ipcszeged.hu\/index.php\/2017\/04\/09\/istenem-istenem-miert-hagytal-el-engem-mt-2746\/","title":{"rendered":"Istenem, Istenem! Mi\u00e9rt hagyt\u00e1l el engem? (Mt. 27,46)"},"content":{"rendered":"<blockquote>\n<p style=\"text-align: center;\">Vir\u00e1gvas\u00e1rnap nemcsak J\u00e9zus \u00fcnnep\u00e9lyes bevonul\u00e1s\u00e1ra eml\u00e9kez\u00fcnk, hanem a liturgikus keretek\u00a0k\u00f6z\u00f6tt el\u0151rehozott szenved\u00e9st\u00f6rt\u00e9net\u00e9t is \u00fajra \u00e1t\u00e9lj\u00fck.\u00a0A Megv\u00e1lt\u00f3 szenved\u00e9s\u00e9nek \u00e9s Isten szeretet\u00e9nek szoros kapcsolat\u00e1t \u00e9rz\u00e9kelteti a passi\u00f3t\u00f6rt\u00e9net.\u00a0Szenved\u00e9s \u00e9s szeretet egy t\u0151r\u0151l fakad. A kereszt\u00e9nys\u00e9g egy hallatlan tapasztalat \u00f6r\u00f6m\u00e9t osztja meg\u00a0a vil\u00e1ggal: Isten nem az er\u0151szak gy\u0151zelm\u00e9vel hivalkod\u00f3, nem a gyeng\u00e9ken \u00e9s kiszolg\u00e1ltatottakon \u00e1tgyalogol\u00f3 hatalmas \u00far, hanem vel\u00fcnk egy\u00fctt szenved\u0151, \u00e9rett\u00fcnk, emberek\u00e9rt a hal\u00e1lt is megk\u00f3stol\u00f3\u00a0Isten. \u00cdgy emel fel f\u00f6ldh\u00f6z ragadts\u00e1gunkb\u00f3l.<\/p>\n<p style=\"text-align: center;\">J\u00e9zus elhagyotts\u00e1ga az Isten emberek ir\u00e1nti szeretet\u00e9nek is a megnyilv\u00e1nul\u00e1sa \u00e9s kinyilatkoztat\u00e1sa.\u00a0J\u00e9zus itt val\u00f3ban mag\u00e1ra veszi a b\u0171n\u00f6s ember sors\u00e1t,\u00a0a b\u0171n okozta elhagyotts\u00e1g, Istent\u0151l t\u00e1volis\u00e1g, Isten\u00a0n\u00e9lk\u00fclis\u00e9g \u00e9rz\u00e9s\u00e9t. Teljesen azonosul az emberrel.\u00a0Isten itt a legm\u00e9lyebbre ment \u2013 \u00e9rt\u00fcnk! \u00c9s ezzel\u00a0v\u00e9g\u00e9rv\u00e9nyesen be is t\u00f6lt\u00f6tte ezt a m\u00e9lys\u00e9get, ezt az\u00a0\u00fcress\u00e9get. Az\u00f3ta nincs olyan m\u00e9lys\u00e9g, \u00fcress\u00e9g, s\u00f6t\u00e9ts\u00e9g, ahol ne lehetne f\u00f6lfedezni Istent, aki mindezt mag\u00e1\u00e9v\u00e1 tette \u00e9s \u00f6r\u00f6kre mag\u00e1ba vette.\u00a0J\u00e9zus elhagyotts\u00e1ga, az Istennel val\u00f3 kapcsolatunk kulcsa.\u00a0Mert minden\u00fctt, ahol nem tal\u00e1lom, nem tapasztalom Istent \u2013 ak\u00e1r jelen korunk Isten-n\u00e9lk\u00fclis\u00e9g\u00e9ben -, ott az \u0150 ki\u00e1lt\u00e1s\u00e1t hallom, az \u0150 jelenl\u00e9t\u00e9t\u00a0tudhatom&#8230;<\/p>\n<p style=\"text-align: center;\">Ez a kereszt\u00e9ny l\u00e9t \u00f6r\u00f6me, \u00f6r\u00f6m\u00e9nek gy\u00f6kere:\u00a0nincs t\u00f6bb\u00e9 a vil\u00e1gon olyan s\u00f6t\u00e9ts\u00e9g, amelyet \u0150\u00a0meg nem v\u00e1ltott volna, amelyben szem\u00e9lyesen jelen\u00a0nem volna&#8230;<\/p>\n<p style=\"text-align: center;\">A passi\u00f3t\u00f6rt\u00e9net egy kicsit minket is szerepl\u0151kk\u00e9\u00a0tesz. P\u00e9terek vagyunk vagy szeretett tan\u00edtv\u00e1nyok?<\/p>\n<p style=\"text-align: center;\">J\u00fad\u00e1sok? M\u00e1ria Magdoln\u00e1k? Pil\u00e1tusok vagy Kajaf\u00e1sok?<\/p>\n<p style=\"text-align: center;\">Itt az alkalom, hogy behelyettes\u00edts\u00fck magunkat,\u00a0hiszen nem lehet\u00fcnk k\u00edv\u00fcl\u00e1ll\u00f3k. Ne hagyjuk J\u00e9zust\u00a0egyed\u00fcl!<\/p>\n<\/blockquote>\n ","protected":false},"excerpt":{"rendered":"<p>Vir\u00e1gvas\u00e1rnap nemcsak J\u00e9zus \u00fcnnep\u00e9lyes bevonul\u00e1s\u00e1ra eml\u00e9kez\u00fcnk, hanem a liturgikus keretek\u00a0k\u00f6z\u00f6tt el\u0151rehozott szenved\u00e9st\u00f6rt\u00e9net\u00e9t is \u00fajra \u00e1t\u00e9lj\u00fck.\u00a0A Megv\u00e1lt\u00f3 szenved\u00e9s\u00e9nek \u00e9s Isten szeretet\u00e9nek szoros kapcsolat\u00e1t \u00e9rz\u00e9kelteti a passi\u00f3t\u00f6rt\u00e9net.\u00a0Szenved\u00e9s \u00e9s szeretet egy t\u0151r\u0151l fakad. A kereszt\u00e9nys\u00e9g egy hallatlan tapasztalat \u00f6r\u00f6m\u00e9t osztja meg\u00a0a vil\u00e1ggal: Isten nem az er\u0151szak gy\u0151zelm\u00e9vel hivalkod\u00f3, nem a gyeng\u00e9ken \u00e9s kiszolg\u00e1ltatottakon \u00e1tgyalogol\u00f3 hatalmas \u00far, hanem vel\u00fcnk&hellip; <br \/> <a class=\"read-more\" href=\"https:\/\/ipcszeged.hu\/index.php\/2017\/04\/09\/istenem-istenem-miert-hagytal-el-engem-mt-2746\/\">Read more<\/a><\/p>\n","protected":false},"author":1,"featured_media":2316,"comment_status":"closed","ping_status":"open","sticky":false,"template":"","format":"standard","meta":{"ngg_post_thumbnail":0,"footnotes":""},"categories":[1],"tags":[],"class_list":["post-2320","post","type-post","status-publish","format-standard","has-post-thumbnail","hentry","category-egyeb"],"_links":{"self":[{"href":"https:\/\/ipcszeged.hu\/index.php\/wp-json\/wp\/v2\/posts\/2320","targetHints":{"allow":["GET"]}}],"collection":[{"href":"https:\/\/ipcszeged.hu\/index.php\/wp-json\/wp\/v2\/posts"}],"about":[{"href":"https:\/\/ipcszeged.hu\/index.php\/wp-json\/wp\/v2\/types\/post"}],"author":[{"embeddable":true,"href":"https:\/\/ipcszeged.hu\/index.php\/wp-json\/wp\/v2\/users\/1"}],"replies":[{"embeddable":true,"href":"https:\/\/ipcszeged.hu\/index.php\/wp-json\/wp\/v2\/comments?post=2320"}],"version-history":[{"count":1,"href":"https:\/\/ipcszeged.hu\/index.php\/wp-json\/wp\/v2\/posts\/2320\/revisions"}],"predecessor-version":[{"id":2321,"href":"https:\/\/ipcszeged.hu\/index.php\/wp-json\/wp\/v2\/posts\/2320\/revisions\/2321"}],"wp:featuredmedia":[{"embeddable":true,"href":"https:\/\/ipcszeged.hu\/index.php\/wp-json\/wp\/v2\/media\/2316"}],"wp:attachment":[{"href":"https:\/\/ipcszeged.hu\/index.php\/wp-json\/wp\/v2\/media?parent=2320"}],"wp:term":[{"taxonomy":"category","embeddable":true,"href":"https:\/\/ipcszeged.hu\/index.php\/wp-json\/wp\/v2\/categories?post=2320"},{"taxonomy":"post_tag","embeddable":true,"href":"https:\/\/ipcszeged.hu\/index.php\/wp-json\/wp\/v2\/tags?post=2320"}],"curies":[{"name":"wp","href":"https:\/\/api.w.org\/{rel}","templated":true}]}}