{"id":2318,"date":"2017-04-02T00:15:25","date_gmt":"2017-04-02T00:15:25","guid":{"rendered":"http:\/\/www.ipcszeged.hu\/?p=2318"},"modified":"2017-02-23T12:37:59","modified_gmt":"2017-02-23T12:37:59","slug":"en-vagyok-a-foltamadas-es-az-elet-aki-hisz-bennem-meg-ha-meg-is-halt-elni-fog-jn-1125","status":"publish","type":"post","link":"https:\/\/ipcszeged.hu\/index.php\/2017\/04\/02\/en-vagyok-a-foltamadas-es-az-elet-aki-hisz-bennem-meg-ha-meg-is-halt-elni-fog-jn-1125\/","title":{"rendered":"\u201e\u00c9n vagyok a f\u00f6lt\u00e1mad\u00e1s \u00e9s az \u00e9let. Aki hisz bennem, m\u00e9g  ha meg is halt, \u00e9lni fog.\u201d (Jn 11,25)"},"content":{"rendered":"<blockquote>\n<p style=\"text-align: center;\">Mennyi vesztes\u00e9g \u00e9s mennyi b\u00facs\u00faz\u00e1s van az\u00a0\u00e9let\u00fcnkben! Amikor az \u00e9let kicsavarja kez\u00fcnkb\u0151l\u00a0azt, Akit, vagy amit szeret\u00fcnk, csak \u00e1llunk \u00e9let\u00fcnk\u00a0romjain\u00e1l. J\u00e9zus bar\u00e1tj\u00e1t gy\u00e1szolja. Ez a t\u00f6rt\u00e9net\u00a0mutatja meg igaz\u00e1n sz\u00e1munkra az \u00faj, embers\u00e9ges\u00a0J\u00e9zus arc\u00e1t. Aki s\u00edr, egy\u00fctt \u00e9rez, s M\u00e1rta gy\u00e1sz\u00e1t\u00a0bizakod\u00e1ss\u00e1 v\u00e1ltoztatja: \u201eFel fog t\u00e1madni!\u201d Semmi\u00a0sincs veszve, lesz m\u00e9g \u00faj kezdet, minden a hely\u00e9re ker\u00fcl, \u00e9s minden rendben lesz! Micsoda \u00f6r\u00f6m!\u00a0J\u00e9zus felemeli az \u00e9let\u00fcnket! De el\u0151tte egy k\u00e9rd\u00e9sre\u00a0nek\u00fcnk is v\u00e1laszolnunk kell: Hiszed ezt? S ha v\u00e1laszunk \u201eigen\u201d, akkor nincs m\u00e1s tennival\u00f3nk, mint\u00a0bizakod\u00e1ssal, rem\u00e9nyked\u00e9ssel v\u00e1rni az embers\u00e9ges\u00a0J\u00e9zus csodat\u00e9v\u0151 j\u00f3s\u00e1g\u00e1t.<\/p>\n<\/blockquote>\n ","protected":false},"excerpt":{"rendered":"<p>Mennyi vesztes\u00e9g \u00e9s mennyi b\u00facs\u00faz\u00e1s van az\u00a0\u00e9let\u00fcnkben! Amikor az \u00e9let kicsavarja kez\u00fcnkb\u0151l\u00a0azt, Akit, vagy amit szeret\u00fcnk, csak \u00e1llunk \u00e9let\u00fcnk\u00a0romjain\u00e1l. J\u00e9zus bar\u00e1tj\u00e1t gy\u00e1szolja. Ez a t\u00f6rt\u00e9net\u00a0mutatja meg igaz\u00e1n sz\u00e1munkra az \u00faj, embers\u00e9ges\u00a0J\u00e9zus arc\u00e1t. Aki s\u00edr, egy\u00fctt \u00e9rez, s M\u00e1rta gy\u00e1sz\u00e1t\u00a0bizakod\u00e1ss\u00e1 v\u00e1ltoztatja: \u201eFel fog t\u00e1madni!\u201d Semmi\u00a0sincs veszve, lesz m\u00e9g \u00faj kezdet, minden a hely\u00e9re ker\u00fcl, \u00e9s minden&hellip; <br \/> <a class=\"read-more\" href=\"https:\/\/ipcszeged.hu\/index.php\/2017\/04\/02\/en-vagyok-a-foltamadas-es-az-elet-aki-hisz-bennem-meg-ha-meg-is-halt-elni-fog-jn-1125\/\">Read more<\/a><\/p>\n","protected":false},"author":1,"featured_media":2314,"comment_status":"closed","ping_status":"open","sticky":false,"template":"","format":"standard","meta":{"ngg_post_thumbnail":0,"footnotes":""},"categories":[1],"tags":[],"class_list":["post-2318","post","type-post","status-publish","format-standard","has-post-thumbnail","hentry","category-egyeb"],"_links":{"self":[{"href":"https:\/\/ipcszeged.hu\/index.php\/wp-json\/wp\/v2\/posts\/2318","targetHints":{"allow":["GET"]}}],"collection":[{"href":"https:\/\/ipcszeged.hu\/index.php\/wp-json\/wp\/v2\/posts"}],"about":[{"href":"https:\/\/ipcszeged.hu\/index.php\/wp-json\/wp\/v2\/types\/post"}],"author":[{"embeddable":true,"href":"https:\/\/ipcszeged.hu\/index.php\/wp-json\/wp\/v2\/users\/1"}],"replies":[{"embeddable":true,"href":"https:\/\/ipcszeged.hu\/index.php\/wp-json\/wp\/v2\/comments?post=2318"}],"version-history":[{"count":1,"href":"https:\/\/ipcszeged.hu\/index.php\/wp-json\/wp\/v2\/posts\/2318\/revisions"}],"predecessor-version":[{"id":2319,"href":"https:\/\/ipcszeged.hu\/index.php\/wp-json\/wp\/v2\/posts\/2318\/revisions\/2319"}],"wp:featuredmedia":[{"embeddable":true,"href":"https:\/\/ipcszeged.hu\/index.php\/wp-json\/wp\/v2\/media\/2314"}],"wp:attachment":[{"href":"https:\/\/ipcszeged.hu\/index.php\/wp-json\/wp\/v2\/media?parent=2318"}],"wp:term":[{"taxonomy":"category","embeddable":true,"href":"https:\/\/ipcszeged.hu\/index.php\/wp-json\/wp\/v2\/categories?post=2318"},{"taxonomy":"post_tag","embeddable":true,"href":"https:\/\/ipcszeged.hu\/index.php\/wp-json\/wp\/v2\/tags?post=2318"}],"curies":[{"name":"wp","href":"https:\/\/api.w.org\/{rel}","templated":true}]}}