{"id":2312,"date":"2017-03-26T00:15:33","date_gmt":"2017-03-26T00:15:33","guid":{"rendered":"http:\/\/www.ipcszeged.hu\/?p=2312"},"modified":"2017-02-23T12:35:55","modified_gmt":"2017-02-23T12:35:55","slug":"isten-ugyanis-nem-azt-nezi-amit-az-ember-az-ember-a-kulsot-nezi-az-ur-azonban-a-szivet-1sam-167","status":"publish","type":"post","link":"https:\/\/ipcszeged.hu\/index.php\/2017\/03\/26\/isten-ugyanis-nem-azt-nezi-amit-az-ember-az-ember-a-kulsot-nezi-az-ur-azonban-a-szivet-1sam-167\/","title":{"rendered":"\u201eIsten ugyanis nem azt n\u00e9zi, amit az ember. Az ember a  k\u00fcls\u0151t n\u00e9zi, az \u00dar azonban a sz\u00edvet.\u201d (1S\u00e1m 16,7)"},"content":{"rendered":"<blockquote>\n<p style=\"text-align: center;\">S\u00e1muel kir\u00e1lly\u00e1 keni D\u00e1vidot. A pr\u00f3f\u00e9ta nehezen ismeri fel Isten sz\u00e1nd\u00e9k\u00e1t, de hallgat r\u00e1 \u00e9s figyel\u00a0a szav\u00e1ra, \u00edgy megl\u00e1tja \u00e9s teljes\u00edti az \u00dar akarat\u00e1t.\u00a0Meg\u00e9rti, hogy Isten nem a l\u00e1tsz\u00f3lagos \u00e9s k\u00fcls\u0151 form\u00e1k szerint \u00e9rt\u00e9kel benn\u00fcnket. A javak, a st\u00e1tuszszimb\u00f3lumok el\u0151tte por \u00e9s hamu. A k\u00fcls\u0151re val\u00f3\u00a0t\u00falzott figyel\u00e9s zs\u00e1kutca, az emberi kapcsolatok\u00a0megj\u00e1tszott hazugs\u00e1ga. Ha elrugaszkodunk a bels\u0151\u00a0vil\u00e1gunkt\u00f3l, akkor a felsz\u00edness\u00e9g sz\u00e9les sk\u00e1l\u00e1j\u00e1n bolyongunk, majd lassan elt\u00e9ved\u00fcnk.\u00a0Istennek semmi sem fontosabb, mint az, hogy mi\u00a0lakik bennem. \u0150 az \u00e9letem m\u00e9ly\u00e9be l\u00e1t, ismeri sz\u00edvem val\u00f3di \u00e1llapot\u00e1t, el\u0151tte nem lehetnek titkaim.\u00a0Meg kell tanulnunk a m\u00e9lybe l\u00e1tni, megismerni \u00e9s\u00a0meg\u00e9rteni egym\u00e1st. Szemben\u00e9zni azzal, ami sz\u00edv\u00fcnk m\u00e9ly\u00e9n van. Nagyb\u00f6jtben a kereszt\u00e9ny ember\u00a0a megtisztul\u00e1s \u00e9s a megvil\u00e1gosod\u00e1s id\u0151szak\u00e1t \u00e9li.\u00a0Most k\u00edv\u00fclr\u0151l befel\u00e9 visz az utunk, \u00e9s t\u00f6reksz\u00fcnk\u00a0azt befogadni, amit a sz\u00edv\u00fcnkkel szeml\u00e9l\u00fcnk. A\u00a0tanul\u00e1s id\u0151szaka ez, amikor megpr\u00f3b\u00e1lunk m\u00e1sk\u00e9pp\u00a0l\u00e1tni embereket, dolgokat \u00e9s helyzeteket az \u00e9let\u00fcnkben.\u00a0Miben szeretn\u00e9k Isten kegyelm\u00e9b\u0151l ad\u00f3d\u00f3an\u00a0m\u00e9lyebbre tekinteni vagy m\u00e9lyebbre jutni az \u00e9letemben?<\/p>\n<\/blockquote>\n ","protected":false},"excerpt":{"rendered":"<p>S\u00e1muel kir\u00e1lly\u00e1 keni D\u00e1vidot. A pr\u00f3f\u00e9ta nehezen ismeri fel Isten sz\u00e1nd\u00e9k\u00e1t, de hallgat r\u00e1 \u00e9s figyel\u00a0a szav\u00e1ra, \u00edgy megl\u00e1tja \u00e9s teljes\u00edti az \u00dar akarat\u00e1t.\u00a0Meg\u00e9rti, hogy Isten nem a l\u00e1tsz\u00f3lagos \u00e9s k\u00fcls\u0151 form\u00e1k szerint \u00e9rt\u00e9kel benn\u00fcnket. A javak, a st\u00e1tuszszimb\u00f3lumok el\u0151tte por \u00e9s hamu. A k\u00fcls\u0151re val\u00f3\u00a0t\u00falzott figyel\u00e9s zs\u00e1kutca, az emberi kapcsolatok\u00a0megj\u00e1tszott hazugs\u00e1ga. Ha elrugaszkodunk a&hellip; <br \/> <a class=\"read-more\" href=\"https:\/\/ipcszeged.hu\/index.php\/2017\/03\/26\/isten-ugyanis-nem-azt-nezi-amit-az-ember-az-ember-a-kulsot-nezi-az-ur-azonban-a-szivet-1sam-167\/\">Read more<\/a><\/p>\n","protected":false},"author":1,"featured_media":2313,"comment_status":"closed","ping_status":"open","sticky":false,"template":"","format":"standard","meta":{"ngg_post_thumbnail":0,"footnotes":""},"categories":[1],"tags":[],"class_list":["post-2312","post","type-post","status-publish","format-standard","has-post-thumbnail","hentry","category-egyeb"],"_links":{"self":[{"href":"https:\/\/ipcszeged.hu\/index.php\/wp-json\/wp\/v2\/posts\/2312","targetHints":{"allow":["GET"]}}],"collection":[{"href":"https:\/\/ipcszeged.hu\/index.php\/wp-json\/wp\/v2\/posts"}],"about":[{"href":"https:\/\/ipcszeged.hu\/index.php\/wp-json\/wp\/v2\/types\/post"}],"author":[{"embeddable":true,"href":"https:\/\/ipcszeged.hu\/index.php\/wp-json\/wp\/v2\/users\/1"}],"replies":[{"embeddable":true,"href":"https:\/\/ipcszeged.hu\/index.php\/wp-json\/wp\/v2\/comments?post=2312"}],"version-history":[{"count":1,"href":"https:\/\/ipcszeged.hu\/index.php\/wp-json\/wp\/v2\/posts\/2312\/revisions"}],"predecessor-version":[{"id":2317,"href":"https:\/\/ipcszeged.hu\/index.php\/wp-json\/wp\/v2\/posts\/2312\/revisions\/2317"}],"wp:featuredmedia":[{"embeddable":true,"href":"https:\/\/ipcszeged.hu\/index.php\/wp-json\/wp\/v2\/media\/2313"}],"wp:attachment":[{"href":"https:\/\/ipcszeged.hu\/index.php\/wp-json\/wp\/v2\/media?parent=2312"}],"wp:term":[{"taxonomy":"category","embeddable":true,"href":"https:\/\/ipcszeged.hu\/index.php\/wp-json\/wp\/v2\/categories?post=2312"},{"taxonomy":"post_tag","embeddable":true,"href":"https:\/\/ipcszeged.hu\/index.php\/wp-json\/wp\/v2\/tags?post=2312"}],"curies":[{"name":"wp","href":"https:\/\/api.w.org\/{rel}","templated":true}]}}