{"id":2303,"date":"2017-03-19T00:15:40","date_gmt":"2017-03-19T00:15:40","guid":{"rendered":"http:\/\/www.ipcszeged.hu\/?p=2303"},"modified":"2017-02-20T13:10:38","modified_gmt":"2017-02-20T13:10:38","slug":"adj-innom-uram-add-nekem-azt-a-vizet-hogy-ne-legyek-szomjas","status":"publish","type":"post","link":"https:\/\/ipcszeged.hu\/index.php\/2017\/03\/19\/adj-innom-uram-add-nekem-azt-a-vizet-hogy-ne-legyek-szomjas\/","title":{"rendered":"Adj innom! &#8211; Uram, add nekem azt a vizet,  hogy ne legyek szomjas!"},"content":{"rendered":"<blockquote><p>A szomj\u00fas\u00e1g keres\u00e9sre ind\u00edt. Tal\u00e1lni valamit\u00a0vagy valakit, aki tud seg\u00edteni. K\u00fcl\u00f6n\u00f6s e k\u00e9t szomjas ember tal\u00e1lkoz\u00e1sa. K\u00fcl\u00f6n\u00f6sebb, mikor felfedezik: tudj\u00e1k csillap\u00edtani egym\u00e1s szomj\u00e1t.\u00a0J\u00e9zus ismeri az emberi szomj\u00fas\u00e1got, mely szeretetre, elfogad\u00e1sra, igazs\u00e1gra, \u00e9rtelmes \u00e9letre v\u00e1gyik, \u00e9s felk\u00edn\u00e1lja az \u00e9l\u0151 vizet, melyet egyed\u00fcl \u0151\u00a0tud megadni. Az asszony \u0151szint\u00e9n felt\u00e1rja \u00e9let\u00e9nek\u00a0sz\u00e1razs\u00e1g\u00e1t: az \u00e9letad\u00f3 kapcsolat hi\u00e1ny\u00e1t, mind emberi, mind term\u00e9szetfeletti s\u00edkon. Ekkor tal\u00e1lkozik\u00a0sz\u00edv\u00e9nek-lelk\u00e9nek kitikkadt f\u00f6ldje az isteni szeretet\u00a0forr\u00e1s\u00e1val, \u00e9s oly moh\u00f3n kortyol bel\u0151le, hogy k\u00e9pes\u00a0r\u00f3la tan\u00fas\u00e1got tenni n\u00e9pe el\u0151tt, akik szint\u00e9n mer\u00edtenek az \u00e9let viz\u00e9b\u0151l J\u00e9zus l\u00e1togat\u00e1sa \u00e1ltal.\u00a0Adj innom! J\u00e9zus szava ma hozz\u00e1m sz\u00f3l. Van\u00a0b\u00e1tors\u00e1gom felt\u00e1rni el\u0151tte szomj\u00fas\u00e1gomat, \u00e9letem\u00a0elsivatagosodott ter\u00fcleteit? Merek ma mer\u00edteni az\u00a0\u00e9let viz\u00e9b\u0151l?<\/p><\/blockquote>\n ","protected":false},"excerpt":{"rendered":"<p>A szomj\u00fas\u00e1g keres\u00e9sre ind\u00edt. Tal\u00e1lni valamit\u00a0vagy valakit, aki tud seg\u00edteni. K\u00fcl\u00f6n\u00f6s e k\u00e9t szomjas ember tal\u00e1lkoz\u00e1sa. K\u00fcl\u00f6n\u00f6sebb, mikor felfedezik: tudj\u00e1k csillap\u00edtani egym\u00e1s szomj\u00e1t.\u00a0J\u00e9zus ismeri az emberi szomj\u00fas\u00e1got, mely szeretetre, elfogad\u00e1sra, igazs\u00e1gra, \u00e9rtelmes \u00e9letre v\u00e1gyik, \u00e9s felk\u00edn\u00e1lja az \u00e9l\u0151 vizet, melyet egyed\u00fcl \u0151\u00a0tud megadni. Az asszony \u0151szint\u00e9n felt\u00e1rja \u00e9let\u00e9nek\u00a0sz\u00e1razs\u00e1g\u00e1t: az \u00e9letad\u00f3 kapcsolat hi\u00e1ny\u00e1t, mind emberi, mind&hellip; <br \/> <a class=\"read-more\" href=\"https:\/\/ipcszeged.hu\/index.php\/2017\/03\/19\/adj-innom-uram-add-nekem-azt-a-vizet-hogy-ne-legyek-szomjas\/\">Read more<\/a><\/p>\n","protected":false},"author":1,"featured_media":2304,"comment_status":"closed","ping_status":"open","sticky":false,"template":"","format":"standard","meta":{"ngg_post_thumbnail":0,"footnotes":""},"categories":[1],"tags":[],"class_list":["post-2303","post","type-post","status-publish","format-standard","has-post-thumbnail","hentry","category-egyeb"],"_links":{"self":[{"href":"https:\/\/ipcszeged.hu\/index.php\/wp-json\/wp\/v2\/posts\/2303","targetHints":{"allow":["GET"]}}],"collection":[{"href":"https:\/\/ipcszeged.hu\/index.php\/wp-json\/wp\/v2\/posts"}],"about":[{"href":"https:\/\/ipcszeged.hu\/index.php\/wp-json\/wp\/v2\/types\/post"}],"author":[{"embeddable":true,"href":"https:\/\/ipcszeged.hu\/index.php\/wp-json\/wp\/v2\/users\/1"}],"replies":[{"embeddable":true,"href":"https:\/\/ipcszeged.hu\/index.php\/wp-json\/wp\/v2\/comments?post=2303"}],"version-history":[{"count":1,"href":"https:\/\/ipcszeged.hu\/index.php\/wp-json\/wp\/v2\/posts\/2303\/revisions"}],"predecessor-version":[{"id":2305,"href":"https:\/\/ipcszeged.hu\/index.php\/wp-json\/wp\/v2\/posts\/2303\/revisions\/2305"}],"wp:featuredmedia":[{"embeddable":true,"href":"https:\/\/ipcszeged.hu\/index.php\/wp-json\/wp\/v2\/media\/2304"}],"wp:attachment":[{"href":"https:\/\/ipcszeged.hu\/index.php\/wp-json\/wp\/v2\/media?parent=2303"}],"wp:term":[{"taxonomy":"category","embeddable":true,"href":"https:\/\/ipcszeged.hu\/index.php\/wp-json\/wp\/v2\/categories?post=2303"},{"taxonomy":"post_tag","embeddable":true,"href":"https:\/\/ipcszeged.hu\/index.php\/wp-json\/wp\/v2\/tags?post=2303"}],"curies":[{"name":"wp","href":"https:\/\/api.w.org\/{rel}","templated":true}]}}