{"id":2298,"date":"2017-03-12T00:15:01","date_gmt":"2017-03-12T00:15:01","guid":{"rendered":"http:\/\/www.ipcszeged.hu\/?p=2298"},"modified":"2017-02-20T11:39:33","modified_gmt":"2017-02-20T11:39:33","slug":"ragyogott-az-arca-mt-172","status":"publish","type":"post","link":"https:\/\/ipcszeged.hu\/index.php\/2017\/03\/12\/ragyogott-az-arca-mt-172\/","title":{"rendered":"Ragyogott az arca &#8230; (Mt 17,2)"},"content":{"rendered":"<blockquote><p>A k\u00e9perny\u0151n vibr\u00e1l\u00f3 k\u00e9pek \u00e9s vide\u00f3k vil\u00e1g\u00e1ban\u00a0\u00e9lek&#8230;\u00a0Azon kapom magam, hogy \u00a0m\u00e1r megint a\u00a0facebookot p\u00f6rgetem&#8230;\u00a0Hopp\u00e1, ism\u00e9t elrep\u00fclt m\u00e1sf\u00e9l \u00f3ra a g\u00e9p el\u0151tt&#8230;\u00a0A monitorok, t\u00e1blag\u00e9pek \u00e9s okos telefonok percenk\u00e9nt elbor\u00edtanak mesters\u00e9ges f\u00e9ny\u00fckkel, de \u00fagy\u00a0t\u0171nik, mindhi\u00e1ba: az arcom, a sz\u00edvem, a lelkem\u00a0nem ragyog?.\u00a0\u00c9rzem, hogy t\u00f6bbre v\u00e1gyom&#8230; A fizikain t\u00fali\u00a0ragyog\u00e1st keresem. Tekintetemet az \u00f6r\u00f6k Vil\u00e1goss\u00e1g\u00a0fel\u00e9 ir\u00e1ny\u00edtom, ahogy J\u00e9zus tette minden nap, minden\u00a0percben. \u201eRagyogtasd r\u00e1m arcod f\u00e9ny\u00e9t, Uram!\u201d\u00a0S l\u00e1m: nem az\u00e9rt l\u00e1thatt\u00e1k meg az apostolok Isten f\u00e9ny\u00e9t J\u00e9zusban f\u00f6lragyogni, mert \u0151 oly felt\u00e9tlen\u00a0bizalommal hagyatkozott r\u00e1 az Aty\u00e1ra?\u00a0Hov\u00e1 ir\u00e1ny\u00edtom tekintetem?\u00a0Mely f\u00e9nyforr\u00e1snak engedem, hogy beragyogjon?\u00a0Mert ahov\u00e1 n\u00e9zek, azz\u00e1 v\u00e1lok.<\/p>\n<p>(\u00c1rny\u00e9k m\u00f6g\u00f6tt f\u00e9ny ragyog,<\/p>\n<p>Nagyobb m\u00f6g\u00f6tt m\u00e9g nagyobb,<\/p>\n<p>S amire n\u00e9zek, az vagyok.<\/p>\n<p>Gy\u00f6k\u00f6ssy Endre)<\/p><\/blockquote>\n ","protected":false},"excerpt":{"rendered":"<p>A k\u00e9perny\u0151n vibr\u00e1l\u00f3 k\u00e9pek \u00e9s vide\u00f3k vil\u00e1g\u00e1ban\u00a0\u00e9lek&#8230;\u00a0Azon kapom magam, hogy \u00a0m\u00e1r megint a\u00a0facebookot p\u00f6rgetem&#8230;\u00a0Hopp\u00e1, ism\u00e9t elrep\u00fclt m\u00e1sf\u00e9l \u00f3ra a g\u00e9p el\u0151tt&#8230;\u00a0A monitorok, t\u00e1blag\u00e9pek \u00e9s okos telefonok percenk\u00e9nt elbor\u00edtanak mesters\u00e9ges f\u00e9ny\u00fckkel, de \u00fagy\u00a0t\u0171nik, mindhi\u00e1ba: az arcom, a sz\u00edvem, a lelkem\u00a0nem ragyog?.\u00a0\u00c9rzem, hogy t\u00f6bbre v\u00e1gyom&#8230; A fizikain t\u00fali\u00a0ragyog\u00e1st keresem. Tekintetemet az \u00f6r\u00f6k Vil\u00e1goss\u00e1g\u00a0fel\u00e9 ir\u00e1ny\u00edtom, ahogy J\u00e9zus tette&hellip; <br \/> <a class=\"read-more\" href=\"https:\/\/ipcszeged.hu\/index.php\/2017\/03\/12\/ragyogott-az-arca-mt-172\/\">Read more<\/a><\/p>\n","protected":false},"author":1,"featured_media":2299,"comment_status":"closed","ping_status":"open","sticky":false,"template":"","format":"standard","meta":{"ngg_post_thumbnail":0,"footnotes":""},"categories":[1],"tags":[],"class_list":["post-2298","post","type-post","status-publish","format-standard","has-post-thumbnail","hentry","category-egyeb"],"_links":{"self":[{"href":"https:\/\/ipcszeged.hu\/index.php\/wp-json\/wp\/v2\/posts\/2298","targetHints":{"allow":["GET"]}}],"collection":[{"href":"https:\/\/ipcszeged.hu\/index.php\/wp-json\/wp\/v2\/posts"}],"about":[{"href":"https:\/\/ipcszeged.hu\/index.php\/wp-json\/wp\/v2\/types\/post"}],"author":[{"embeddable":true,"href":"https:\/\/ipcszeged.hu\/index.php\/wp-json\/wp\/v2\/users\/1"}],"replies":[{"embeddable":true,"href":"https:\/\/ipcszeged.hu\/index.php\/wp-json\/wp\/v2\/comments?post=2298"}],"version-history":[{"count":1,"href":"https:\/\/ipcszeged.hu\/index.php\/wp-json\/wp\/v2\/posts\/2298\/revisions"}],"predecessor-version":[{"id":2300,"href":"https:\/\/ipcszeged.hu\/index.php\/wp-json\/wp\/v2\/posts\/2298\/revisions\/2300"}],"wp:featuredmedia":[{"embeddable":true,"href":"https:\/\/ipcszeged.hu\/index.php\/wp-json\/wp\/v2\/media\/2299"}],"wp:attachment":[{"href":"https:\/\/ipcszeged.hu\/index.php\/wp-json\/wp\/v2\/media?parent=2298"}],"wp:term":[{"taxonomy":"category","embeddable":true,"href":"https:\/\/ipcszeged.hu\/index.php\/wp-json\/wp\/v2\/categories?post=2298"},{"taxonomy":"post_tag","embeddable":true,"href":"https:\/\/ipcszeged.hu\/index.php\/wp-json\/wp\/v2\/tags?post=2298"}],"curies":[{"name":"wp","href":"https:\/\/api.w.org\/{rel}","templated":true}]}}