{"id":208,"date":"2015-11-12T08:11:56","date_gmt":"2015-11-12T08:11:56","guid":{"rendered":"http:\/\/www.ipcszeged.hu\/?p=208"},"modified":"2015-11-25T12:22:02","modified_gmt":"2015-11-25T12:22:02","slug":"2016-os-krakkoi-ivt-regisztracio","status":"publish","type":"post","link":"https:\/\/ipcszeged.hu\/index.php\/2015\/11\/12\/2016-os-krakkoi-ivt-regisztracio\/","title":{"rendered":"Megnyitottuk a 2016-os krakk\u00f3i IVT-re az egyh\u00e1zmegy\u00e9s regisztr\u00e1ci\u00f3t!"},"content":{"rendered":"<p><img decoding=\"async\" src=\"http:\/\/krakko2016.hu\/wp-content\/uploads\/2015\/09\/fekvo.png\" alt=\"fekvo\" \/><\/p>\n<p class=\"western\" align=\"justify\"><span style=\"color: #222222;\"><span style=\"font-family: 'Times New Roman', serif;\"><span style=\"font-size: medium;\">2016-ban \u00fajra Ifj\u00fas\u00e1gi Vil\u00e1gtal\u00e1lkoz\u00f3t szervez a Katolikus Egyh\u00e1z, ez\u00fattal a lengyelorsz\u00e1gi Krakk\u00f3ban. A k\u00f6zel 10 napos program el\u0151tal\u00e1lkoz\u00f3ja a Radomi Egyh\u00e1zmegy\u00e9ben lesz, ahol Egyh\u00e1zmegy\u00e9nk fiataljait a magyarorsz\u00e1gi Szent Hedvig templom k\u00f6z\u00f6ss\u00e9ge fogadja. A tal\u00e1lkoz\u00f3 f\u0151 esem\u00e9nyei, az Ifj\u00fas\u00e1gi Fesztiv\u00e1l, a Ferenc p\u00e1p\u00e1val val\u00f3 tal\u00e1lkoz\u00e1s \u00e9s virraszt\u00e1s pedig Krakk\u00f3ban lesznek. A Szeged \u2013 Csan\u00e1di Egyh\u00e1zmegy\u00e9b\u0151l kb. 130 fiatallal vesz\u00fcnk r\u00e9szt ezen a programon.<\/span><\/span><\/span><\/p>\n<p class=\"western\" align=\"justify\"><span style=\"color: #222222;\"><span style=\"font-family: 'Times New Roman', serif;\"><span style=\"font-size: medium;\"><b>Az el\u0151tal\u00e1lkoz\u00f3 id\u0151pontja: <\/b><\/span><\/span><\/span><span style=\"color: #222222;\"><span style=\"font-family: 'Times New Roman', serif;\"><span style=\"font-size: medium;\">2016. 07. 20-25. Radom v\u00e1ros\u00e1ban.<\/span><\/span><\/span><\/p>\n<p class=\"western\" align=\"justify\"><span style=\"color: #222222;\"><span style=\"font-family: 'Times New Roman', serif;\"><span style=\"font-size: medium;\"><b>A krakk\u00f3i tal\u00e1lkoz\u00f3 id\u0151pontja: <\/b><\/span><\/span><\/span><span style=\"color: #222222;\"><span style=\"font-family: 'Times New Roman', serif;\"><span style=\"font-size: medium;\">2016. 07. 25-31.<\/span><\/span><\/span><\/p>\n<p class=\"western\" align=\"justify\"><span style=\"color: #222222;\"><span style=\"font-family: 'Times New Roman', serif;\"><span style=\"font-size: medium;\"><b>Koroszt\u00e1ly: <\/b><\/span><\/span><\/span><span style=\"color: #222222;\"><span style=\"font-family: 'Times New Roman', serif;\"><span style=\"font-size: medium;\">18-35 \u00e9v.<\/span><\/span><\/span><\/p>\n<p class=\"western\" align=\"justify\"><span style=\"color: #222222;\"><span style=\"font-family: 'Times New Roman', serif;\"><span style=\"font-size: medium;\"><b>Sz\u00e1ll\u00e1s: <\/b><\/span><\/span><\/span><span style=\"color: #222222;\"><span style=\"font-family: 'Times New Roman', serif;\"><span style=\"font-size: medium;\">el\u0151tal\u00e1lkoz\u00f3n csal\u00e1dokn\u00e1l, Krakk\u00f3ban termekben (laticel, h\u00e1l\u00f3zs\u00e1k sz\u00fcks\u00e9ges).<\/span><\/span><\/span><\/p>\n<p class=\"western\" align=\"justify\"><span style=\"color: #222222;\"><span style=\"font-family: 'Times New Roman', serif;\"><span style=\"font-size: medium;\"><b>Jelentkez\u00e9s:<\/b><\/span><\/span><\/span><span style=\"color: #222222;\"><span style=\"font-family: 'Times New Roman', serif;\"><span style=\"font-size: medium;\"> Az elektronikus lev\u00e9lben felt\u00fcntetett Googles \u0171rlap <\/span><\/span><\/span><\/p>\n<p class=\"western\" align=\"justify\"><span style=\"color: #222222;\"><span style=\"font-family: 'Times New Roman', serif;\"><span style=\"font-size: medium;\"><b>( <\/b><\/span><\/span><\/span><span style=\"color: #000080;\"><span lang=\"zxx\"><u><span style=\"color: #222222;\"><span style=\"font-family: 'Times New Roman', serif;\"><span style=\"font-size: medium;\"><b><a href=\"http:\/\/goo.gl\/forms\/pIQgCPRhZh\">http:\/\/goo.gl\/forms\/pIQgCPRhZh<\/a> <\/b><\/span><\/span><\/span><\/u><\/span><\/span><span style=\"color: #222222;\"><span style=\"font-family: 'Times New Roman', serif;\"><span style=\"font-size: medium;\"><b>) <\/b><\/span><\/span><\/span><span style=\"color: #222222;\"><span style=\"font-family: 'Times New Roman', serif;\"><span style=\"font-size: medium;\">kit\u00f6lt\u00e9s\u00e9vel lehets\u00e9ges. K\u00e9rj\u00fck a fiatalokat, hogy ne a k\u00f6zponti regisztr\u00e1ci\u00f3s fel\u00fcleten regisztr\u00e1ljanak, hanem szigor\u00faan csak a fentebb eml\u00edtett Google \u0171rlapon. Innen a pontos adatokat az IPC iroda munkat\u00e1rsai viszik fel az orsz\u00e1gos regisztr\u00e1ci\u00f3s rendszerbe. Ha a fiatal nem az egyh\u00e1zmegyei rendszerben regisztr\u00e1l, ell\u00e1t\u00e1s\u00e1r\u00f3l \u00e9s sz\u00e1ll\u00edt\u00e1s\u00e1r\u00f3l sajnos nem tudunk gondoskodni.<\/span><\/span><\/span><\/p>\n<p class=\"western\" align=\"justify\"><span style=\"color: #222222;\"><span style=\"font-family: 'Times New Roman', serif;\"><span style=\"font-size: medium;\"><b>Jelentkez\u00e9si hat\u00e1rid\u0151: 2016. 02. 01. <\/b><\/span><\/span><\/span><\/p>\n<p class=\"western\" align=\"justify\"><span style=\"color: #222222;\"><span style=\"font-family: 'Times New Roman', serif;\"><span style=\"font-size: medium;\"><b>R\u00e9szv\u00e9teli k\u00f6lts\u00e9gek: EL\u0150REL\u00c1THAT\u00d3LAG 47 000 Ft\/fiatal<\/b><\/span><\/span><\/span><\/p>\n<p class=\"western\" align=\"justify\"><span style=\"color: #222222;\"><span style=\"font-family: 'Times New Roman', serif;\"><span style=\"font-size: medium;\"><b>A r\u00e9szv\u00e9teli d\u00edj a k\u00f6vetkez\u0151ket tartalmazza: Krakk\u00f3i r\u00e9szv\u00e9teli d\u00edj, szolidarit\u00e1si d\u00edj, el\u0151tal\u00e1lkoz\u00f3, k\u00f6zponti biztos\u00edt\u00e1s, \u00e9tkez\u00e9si csomag haza\u00fatra, magyar zar\u00e1ndok csomag, \u00fatik\u00f6lts\u00e9g, Krakk\u00f3ban sz\u00e1ll\u00e1s. <\/b><\/span><\/span><\/span><\/p>\n<table width=\"644\" cellspacing=\"0\" cellpadding=\"4\">\n<colgroup>\n<col width=\"131\" \/>\n<col width=\"101\" \/>\n<col width=\"144\" \/>\n<col width=\"109\" \/>\n<col width=\"117\" \/> <\/colgroup>\n<tbody>\n<tr>\n<td width=\"131\">\n<p class=\"western\" align=\"center\"><span style=\"font-family: 'Times New Roman', serif;\"><b>\u00d6sszes k\u00f6lts\u00e9g<\/b><\/span><\/p>\n<p class=\"western\" align=\"center\"><span style=\"font-family: 'Times New Roman', serif;\"><b>(teljes ell\u00e1t\u00e1s, utaz\u00e1si k\u00f6lts\u00e9g 1 fiatal r\u00e9sz\u00e9re)<\/b><\/span><\/p>\n<\/td>\n<td width=\"101\">\n<p class=\"western\" align=\"center\"><span style=\"font-family: 'Times New Roman', serif;\"><b>MKPK t\u00e1mogat\u00e1sa fiatalonk\u00e9nt<\/b><\/span><\/p>\n<\/td>\n<td width=\"144\">\n<p class=\"western\" align=\"center\"><span style=\"font-family: 'Times New Roman', serif;\"><b>Szeged \u2013 Csan\u00e1di Egyh\u00e1zmegye t\u00e1mogat\u00e1sa fiatalonk\u00e9nt<\/b><\/span><\/p>\n<\/td>\n<td width=\"109\">\n<p class=\"western\" align=\"center\"><span style=\"font-family: 'Times New Roman', serif;\"><b>Pl\u00e9b\u00e1niai hozz\u00e1j\u00e1rul\u00e1s fiatalonk\u00e9nt<\/b><\/span><\/p>\n<\/td>\n<td width=\"117\">\n<p class=\"western\" align=\"center\"><span style=\"font-family: 'Times New Roman', serif;\"><b>Fiatal r\u00e9szv\u00e9teli d\u00edja el\u0151rel\u00e1that\u00f3lag<\/b><\/span><\/p>\n<\/td>\n<\/tr>\n<tr>\n<td width=\"131\" height=\"34\">\n<p class=\"western\" align=\"center\"><span style=\"font-family: 'Times New Roman', serif;\">108 300 Ft<\/span><\/p>\n<\/td>\n<td width=\"101\">\n<p class=\"western\" align=\"center\"><span style=\"font-family: 'Times New Roman', serif;\">6 300 Ft<\/span><\/p>\n<\/td>\n<td width=\"144\">\n<p class=\"western\" align=\"center\"><span style=\"font-family: 'Times New Roman', serif;\">35 000 Ft<\/span><\/p>\n<\/td>\n<td width=\"109\">\n<p class=\"western\" align=\"center\"><span style=\"font-family: 'Times New Roman', serif;\">20 000 Ft<\/span><\/p>\n<\/td>\n<td width=\"117\">\n<p class=\"western\" align=\"center\"><span style=\"font-family: 'Times New Roman', serif;\"><span style=\"font-size: large;\"><b>47 000 Ft<\/b><\/span><\/span><\/p>\n<\/td>\n<\/tr>\n<\/tbody>\n<\/table>\n<p class=\"western\" align=\"justify\"><span style=\"color: #222222;\"><span style=\"font-family: 'Times New Roman', serif;\"><span style=\"font-size: medium;\"><b>Utaz\u00e1s: <\/b><\/span><\/span><\/span><span style=\"color: #222222;\"><span style=\"font-family: 'Times New Roman', serif;\"><span style=\"font-size: medium;\">Az egyh\u00e1zmegy\u00e9b\u0151l 2-3 aut\u00f3busszal indulunk Radomba \u00e9s az el\u0151tal\u00e1lkoz\u00f3t k\u00f6vet\u0151en Krakk\u00f3ba .<\/span><\/span><\/span><\/p>\n<p class=\"western\" align=\"justify\"><span style=\"color: #222222;\"><span style=\"font-family: 'Times New Roman', serif;\"><span style=\"font-size: medium;\"><b>Program:<\/b><\/span><\/span><\/span><\/p>\n<ul>\n<li>\n<p class=\"western\" align=\"justify\"><span style=\"color: #222222;\"><span style=\"font-family: 'Times New Roman', serif;\"><span style=\"font-size: medium;\"><b>El\u0151tal\u00e1lkoz\u00f3 (Radom) 07. 20 \u2013 25.:<\/b><\/span><\/span><\/span><\/p>\n<ul>\n<li>\n<p class=\"western\" align=\"justify\"><span style=\"color: #222222;\"><span style=\"font-family: 'Times New Roman', serif;\"><span style=\"font-size: medium;\">07.20 Szerda: \u00e9rkez\u00e9s<\/span><\/span><\/span><\/p>\n<\/li>\n<li>\n<p class=\"western\" align=\"justify\"><span style=\"color: #222222;\"><span style=\"font-family: 'Times New Roman', serif;\"><span style=\"font-size: medium;\">07.21 Cs\u00fct\u00f6rt\u00f6k: turisztikai nap (helyi nevezetess\u00e9gek megl\u00e1togat\u00e1sa)<\/span><\/span><\/span><\/p>\n<\/li>\n<li>\n<p class=\"western\" align=\"justify\"><span style=\"color: #222222;\"><span style=\"font-family: 'Times New Roman', serif;\"><span style=\"font-size: medium;\">07.22 P\u00e9ntek: eg\u00e9sz napos gyalogos zar\u00e1ndoklaton vesz\u00fcnk r\u00e9szt (10-15 km)<\/span><\/span><\/span><\/p>\n<\/li>\n<li>\n<p class=\"western\" align=\"justify\"><span style=\"color: #222222;\"><span style=\"font-family: 'Times New Roman', serif;\"><span style=\"font-size: medium;\">07.23 Szombat: Fesztiv\u00e1l<\/span><\/span><\/span><\/p>\n<\/li>\n<li>\n<p class=\"western\" align=\"justify\"><span style=\"color: #222222;\"><span style=\"font-family: 'Times New Roman', serif;\"><span style=\"font-size: medium;\">07.24 Vas\u00e1rnap: A napot mindenki a sz\u00e1ll\u00e1sad\u00f3 csal\u00e1dj\u00e1n\u00e1l t\u00f6lti<\/span><\/span><\/span><\/p>\n<\/li>\n<li>\n<p class=\"western\" align=\"justify\"><span style=\"color: #222222;\"><span style=\"font-family: 'Times New Roman', serif;\"><span style=\"font-size: medium;\">07.25 H\u00e9tf\u0151: Ir\u00e1ny Krakk\u00f3!<\/span><\/span><\/span><\/p>\n<\/li>\n<\/ul>\n<\/li>\n<\/ul>\n<ul>\n<li>\n<p class=\"western\" align=\"justify\"><span style=\"color: #222222;\"><span style=\"font-family: 'Times New Roman', serif;\"><span style=\"font-size: medium;\"><b>Tal\u00e1lkoz\u00f3 (Krakk\u00f3) 07. 25 \u2013 31.:<\/b><\/span><\/span><\/span><\/p>\n<ul>\n<li>\n<p class=\"western\" align=\"justify\"><span style=\"color: #222222;\"><span style=\"font-family: 'Times New Roman', serif;\"><span style=\"font-size: medium;\">R\u00e9szletes program a csatolm\u00e1nyban olvashat\u00f3<\/span><\/span><\/span><\/p>\n<\/li>\n<\/ul>\n<\/li>\n<\/ul>\n<p class=\"western\" align=\"justify\"><span style=\"font-family: 'Times New Roman', serif;\">Tov\u00e1bbi hivatalos inform\u00e1ci\u00f3k tal\u00e1lhat\u00f3k angol \u00e9s lengyel nyelven a <\/span><span style=\"color: #000080;\"><span lang=\"zxx\"><u><a href=\"http:\/\/www.krakow2016.com\/\"><span style=\"font-family: 'Times New Roman', serif;\">www.krakow2016.com<\/span><\/a><\/u><\/span><\/span><span style=\"font-family: 'Times New Roman', serif;\"> vagy magyar nyelven a <\/span><span style=\"color: #000080;\"><span lang=\"zxx\"><u><a href=\"http:\/\/www.krakko2016.hu\/\"><span style=\"font-family: 'Times New Roman', serif;\">www.krakko2016.hu<\/span><\/a><\/u><\/span><\/span><span style=\"font-family: 'Times New Roman', serif;\"> c\u00edmen.<\/span><\/p>\n<p class=\"western\" align=\"justify\"><span style=\"font-family: 'Times New Roman', serif;\">A tal\u00e1lkoz\u00f3 \u00e9s a regisztr\u00e1ci\u00f3 r\u00e9szleteivel kapcsolatos k\u00e9rd\u00e9seket az <\/span><span style=\"color: #000080;\"><span lang=\"zxx\"><u><a href=\"mailto:ipc.szeged@gmail.com\"><span style=\"font-family: 'Times New Roman', serif;\">ipc.szeged@gmail.com<\/span><\/a><\/u><\/span><\/span><span style=\"font-family: 'Times New Roman', serif;\">\u00a0e-mail c\u00edmre v\u00e1rjuk!<\/span><\/p>\n ","protected":false},"excerpt":{"rendered":"<p>2016-ban \u00fajra Ifj\u00fas\u00e1gi Vil\u00e1gtal\u00e1lkoz\u00f3t szervez a Katolikus Egyh\u00e1z, ez\u00fattal a lengyelorsz\u00e1gi Krakk\u00f3ban. A k\u00f6zel 10 napos program el\u0151tal\u00e1lkoz\u00f3ja a Radomi Egyh\u00e1zmegy\u00e9ben lesz, ahol Egyh\u00e1zmegy\u00e9nk fiataljait a magyarorsz\u00e1gi Szent Hedvig templom k\u00f6z\u00f6ss\u00e9ge fogadja. A tal\u00e1lkoz\u00f3 f\u0151 esem\u00e9nyei, az Ifj\u00fas\u00e1gi Fesztiv\u00e1l, a Ferenc p\u00e1p\u00e1val val\u00f3 tal\u00e1lkoz\u00e1s \u00e9s virraszt\u00e1s pedig Krakk\u00f3ban lesznek. A Szeged \u2013 Csan\u00e1di Egyh\u00e1zmegy\u00e9b\u0151l kb.&hellip; <br \/> <a class=\"read-more\" href=\"https:\/\/ipcszeged.hu\/index.php\/2015\/11\/12\/2016-os-krakkoi-ivt-regisztracio\/\">Read more<\/a><\/p>\n","protected":false},"author":1,"featured_media":209,"comment_status":"open","ping_status":"open","sticky":false,"template":"","format":"standard","meta":{"ngg_post_thumbnail":0,"footnotes":""},"categories":[8],"tags":[],"class_list":["post-208","post","type-post","status-publish","format-standard","has-post-thumbnail","hentry","category-ivt-2016"],"_links":{"self":[{"href":"https:\/\/ipcszeged.hu\/index.php\/wp-json\/wp\/v2\/posts\/208","targetHints":{"allow":["GET"]}}],"collection":[{"href":"https:\/\/ipcszeged.hu\/index.php\/wp-json\/wp\/v2\/posts"}],"about":[{"href":"https:\/\/ipcszeged.hu\/index.php\/wp-json\/wp\/v2\/types\/post"}],"author":[{"embeddable":true,"href":"https:\/\/ipcszeged.hu\/index.php\/wp-json\/wp\/v2\/users\/1"}],"replies":[{"embeddable":true,"href":"https:\/\/ipcszeged.hu\/index.php\/wp-json\/wp\/v2\/comments?post=208"}],"version-history":[{"count":4,"href":"https:\/\/ipcszeged.hu\/index.php\/wp-json\/wp\/v2\/posts\/208\/revisions"}],"predecessor-version":[{"id":213,"href":"https:\/\/ipcszeged.hu\/index.php\/wp-json\/wp\/v2\/posts\/208\/revisions\/213"}],"wp:featuredmedia":[{"embeddable":true,"href":"https:\/\/ipcszeged.hu\/index.php\/wp-json\/wp\/v2\/media\/209"}],"wp:attachment":[{"href":"https:\/\/ipcszeged.hu\/index.php\/wp-json\/wp\/v2\/media?parent=208"}],"wp:term":[{"taxonomy":"category","embeddable":true,"href":"https:\/\/ipcszeged.hu\/index.php\/wp-json\/wp\/v2\/categories?post=208"},{"taxonomy":"post_tag","embeddable":true,"href":"https:\/\/ipcszeged.hu\/index.php\/wp-json\/wp\/v2\/tags?post=208"}],"curies":[{"name":"wp","href":"https:\/\/api.w.org\/{rel}","templated":true}]}}