{"id":1878,"date":"2016-11-18T10:26:50","date_gmt":"2016-11-18T10:26:50","guid":{"rendered":"http:\/\/www.ipcszeged.hu\/?p=1878"},"modified":"2017-02-15T09:44:42","modified_gmt":"2017-02-15T09:44:42","slug":"szent-marton-kapcsan","status":"publish","type":"post","link":"https:\/\/ipcszeged.hu\/index.php\/2016\/11\/18\/szent-marton-kapcsan\/","title":{"rendered":"Szent M\u00e1rton kapcs\u00e1n&#8230;.."},"content":{"rendered":"<p>&nbsp;<\/p>\n<h4 style=\"text-align: center;\">A felemel\u0151 szeretet p\u00e9ld\u00e1j\u00e1t k\u00f6vetve<\/h4>\n<blockquote>\n<p style=\"text-align: justify;\">J\u00f3 hangulat\u00fa Szent M\u00e1rton-napi kistal\u00e1lkoz\u00f3n vettek r\u00e9szt november 12-\u00e9n M\u00f3rahalmon a k\u00f6rnyez\u0151 n\u00e9gy telep\u00fcl\u00e9sr\u0151l \u00e9rkez\u0151 \u00e9s a h\u00e1zigazda fiatalok. A mintegy hatvan 7-8. oszt\u00e1lyos \u00e9s k\u00f6z\u00e9piskol\u00e1s tanul\u00f3 a jeles szent \u00e9let\u00e9vel \u00e9s p\u00e9ld\u00e1j\u00e1val j\u00e1t\u00e9kos form\u00e1ban ismerkedett meg.<\/p>\n<p style=\"text-align: justify;\">Az Aranysz\u00f6m Rendezv\u00e9nyh\u00e1zban el\u0151sz\u00f6r N\u00f3gr\u00e1di Zolt\u00e1n polg\u00e1rmester k\u00f6sz\u00f6nt\u00f6tte a jelenl\u00e9v\u0151ket, aki kiemelte, a t\u00e9rs\u00e9g nagy \u00e9rt\u00e9k\u00e9nek tartja ezt a t\u00f6bb \u00e9ve rendszeresen megszervezett tal\u00e1lkoz\u00f3t, hiszen nem elind\u00edtani neh\u00e9z egy j\u00f3 programot, sokkal ink\u00e1bb tov\u00e1bbvinni, meg\u0151rizni azt \u2013 amit ezen telep\u00fcl\u00e9sek pl\u00e9b\u00e1ni\u00e1i, hitoktat\u00f3i nagyon j\u00f3l megval\u00f3s\u00edtottak.<\/p>\n<p style=\"text-align: justify;\">Az 1700 \u00e9ve sz\u00fcletett szent \u00e9let\u00e9nek fontosabb esem\u00e9nyeit az \u00f6t telep\u00fcl\u00e9s fiataljai el\u0151re felk\u00e9sz\u00fclve, plak\u00e1tokkal illusztr\u00e1lt t\u00f6rt\u00e9netmes\u00e9l\u00e9ssel ismertett\u00e9k meg egym\u00e1ssal. A domasz\u00e9kiek gyermekkor\u00e1r\u00f3l \u00e9s csal\u00e1dj\u00e1r\u00f3l, a r\u00f6szkeiek katona\u00e9veir\u0151l \u00e9s a h\u00edres k\u00f6peny-kett\u00e9v\u00e1g\u00e1sr\u00f3l, a m\u00f3rahalmiak a remetes\u00e9gben t\u00f6lt\u00f6tt \u00e9s a szerzetesi \u00e9let\u00e9r\u0151l, a z\u00e1k\u00e1nysz\u00e9kiek hitt\u00e9r\u00edt\u0151 munk\u00e1j\u00e1r\u00f3l, m\u00edg az \u00e1sotthalmiak a p\u00fcsp\u00f6kk\u00e9 v\u00e1laszt\u00e1s\u00e1r\u00f3l mutattak be r\u00f6vid jelenetet vagy mes\u00e9ltek egy-egy epiz\u00f3dot.<\/p>\n<p style=\"text-align: justify;\">Ezt k\u00f6vet\u0151en a r\u00e9sztvev\u0151k kis csoportokban ismerkedtek meg egym\u00e1ssal n\u00e9h\u00e1ny j\u00e1t\u00e9kon kereszt\u00fcl, egy egy\u00e9ni teszt kit\u00f6lt\u00e9se ut\u00e1n a szeretetnyelvekr\u0151l besz\u00e9lgettek, illetve plak\u00e1ton \u00e1br\u00e1zolt\u00e1k \u00e9s \u00edrt\u00e1k \u00f6ssze, mit is jelentenek sz\u00e1mukra az adakoz\u00e1s, adom\u00e1nyoz\u00e1s, aj\u00e1nd\u00e9koz\u00e1s fogalmai.<\/p>\n<p style=\"text-align: justify;\">A naphoz ill\u0151 libazs\u00edros kenyerek elfogyaszt\u00e1sa ut\u00e1n valamennyien M\u00e1rton-napi l\u00e1mp\u00e1st k\u00e9sz\u00edtettek, amikkel \u2013 a szakad\u00f3 es\u0151t\u0151l sem zavartatva magukat \u2013 \u00e1tvonultak a k\u00f6zeli templomba. A tal\u00e1lkoz\u00f3t z\u00e1r\u00f3 szentmis\u00e9t ez\u00fattal is a domasz\u00e9ki fiatalok git\u00e1ros \u00e9nekei k\u00eds\u00e9rt\u00e9k, a pr\u00e9dik\u00e1ci\u00f3ban pedig Jo\u00f3 Bal\u00e1zs pl\u00e9b\u00e1nos Szent M\u00e1rtont a napk\u00f6zben elhangzottakat felid\u00e9zve, t\u00f6bb szempontb\u00f3l is a mai fiatalok \u00e1ltal k\u00f6vetend\u0151 p\u00e9ld\u00e1nak \u00e1ll\u00edtotta.<\/p>\n<\/blockquote>\n<p style=\"text-align: right;\">M\u00e1rton G\u00e1bor m\u00f3rahalmi hitoktat\u00f3<\/p>\n<p>&nbsp;<\/p>\n ","protected":false},"excerpt":{"rendered":"<p>&nbsp; A felemel\u0151 szeretet p\u00e9ld\u00e1j\u00e1t k\u00f6vetve J\u00f3 hangulat\u00fa Szent M\u00e1rton-napi kistal\u00e1lkoz\u00f3n vettek r\u00e9szt november 12-\u00e9n M\u00f3rahalmon a k\u00f6rnyez\u0151 n\u00e9gy telep\u00fcl\u00e9sr\u0151l \u00e9rkez\u0151 \u00e9s a h\u00e1zigazda fiatalok. A mintegy hatvan 7-8. oszt\u00e1lyos \u00e9s k\u00f6z\u00e9piskol\u00e1s tanul\u00f3 a jeles szent \u00e9let\u00e9vel \u00e9s p\u00e9ld\u00e1j\u00e1val j\u00e1t\u00e9kos form\u00e1ban ismerkedett meg. Az Aranysz\u00f6m Rendezv\u00e9nyh\u00e1zban el\u0151sz\u00f6r N\u00f3gr\u00e1di Zolt\u00e1n polg\u00e1rmester k\u00f6sz\u00f6nt\u00f6tte a jelenl\u00e9v\u0151ket, aki kiemelte,&hellip; <br \/> <a class=\"read-more\" href=\"https:\/\/ipcszeged.hu\/index.php\/2016\/11\/18\/szent-marton-kapcsan\/\">Read more<\/a><\/p>\n","protected":false},"author":1,"featured_media":1880,"comment_status":"closed","ping_status":"open","sticky":false,"template":"","format":"gallery","meta":{"ngg_post_thumbnail":0,"footnotes":""},"categories":[1],"tags":[],"class_list":["post-1878","post","type-post","status-publish","format-gallery","has-post-thumbnail","hentry","category-egyeb","post_format-post-format-gallery"],"_links":{"self":[{"href":"https:\/\/ipcszeged.hu\/index.php\/wp-json\/wp\/v2\/posts\/1878","targetHints":{"allow":["GET"]}}],"collection":[{"href":"https:\/\/ipcszeged.hu\/index.php\/wp-json\/wp\/v2\/posts"}],"about":[{"href":"https:\/\/ipcszeged.hu\/index.php\/wp-json\/wp\/v2\/types\/post"}],"author":[{"embeddable":true,"href":"https:\/\/ipcszeged.hu\/index.php\/wp-json\/wp\/v2\/users\/1"}],"replies":[{"embeddable":true,"href":"https:\/\/ipcszeged.hu\/index.php\/wp-json\/wp\/v2\/comments?post=1878"}],"version-history":[{"count":5,"href":"https:\/\/ipcszeged.hu\/index.php\/wp-json\/wp\/v2\/posts\/1878\/revisions"}],"predecessor-version":[{"id":2285,"href":"https:\/\/ipcszeged.hu\/index.php\/wp-json\/wp\/v2\/posts\/1878\/revisions\/2285"}],"wp:featuredmedia":[{"embeddable":true,"href":"https:\/\/ipcszeged.hu\/index.php\/wp-json\/wp\/v2\/media\/1880"}],"wp:attachment":[{"href":"https:\/\/ipcszeged.hu\/index.php\/wp-json\/wp\/v2\/media?parent=1878"}],"wp:term":[{"taxonomy":"category","embeddable":true,"href":"https:\/\/ipcszeged.hu\/index.php\/wp-json\/wp\/v2\/categories?post=1878"},{"taxonomy":"post_tag","embeddable":true,"href":"https:\/\/ipcszeged.hu\/index.php\/wp-json\/wp\/v2\/tags?post=1878"}],"curies":[{"name":"wp","href":"https:\/\/api.w.org\/{rel}","templated":true}]}}