{"id":1793,"date":"2016-09-20T09:22:59","date_gmt":"2016-09-20T09:22:59","guid":{"rendered":"http:\/\/www.ipcszeged.hu\/?p=1793"},"modified":"2016-09-20T09:22:59","modified_gmt":"2016-09-20T09:22:59","slug":"hozz-dontest-itt-es-most","status":"publish","type":"post","link":"https:\/\/ipcszeged.hu\/index.php\/2016\/09\/20\/hozz-dontest-itt-es-most\/","title":{"rendered":"Hozz d\u00f6nt\u00e9st! Itt \u00e9s most!"},"content":{"rendered":"<h4 style=\"text-align: center;\">2016. szeptember 24.<\/h4>\n<h4 style=\"text-align: center;\">Szent Gell\u00e9rt Ifj\u00fas\u00e1gi Tal\u00e1lkoz\u00f3<\/h4>\n<h3 style=\"text-align: center;\">Egy nap az elk\u00f6telez\u0151d\u00e9sr\u0151l! El\u0151ad\u00e1s &#8211; m\u0171helyek &#8211; zar\u00e1ndoklat &#8211; \u00fcnnepi szentmise. El\u0151ad\u00f3: P\u00e1lfai Zolt\u00e1n (Paffy). F\u0151celebr\u00e1ns: Gyulay Endre p\u00fcsp\u00f6k atya. V\u00e1runk T\u00e9ged is! Hozz d\u00f6nt\u00e9st!<\/h3>\n<h4 style=\"text-align: center;\"><\/h4>\n ","protected":false},"excerpt":{"rendered":"<p>2016. szeptember 24. Szent Gell\u00e9rt Ifj\u00fas\u00e1gi Tal\u00e1lkoz\u00f3 Egy nap az elk\u00f6telez\u0151d\u00e9sr\u0151l! El\u0151ad\u00e1s &#8211; m\u0171helyek &#8211; zar\u00e1ndoklat &#8211; \u00fcnnepi szentmise. El\u0151ad\u00f3: P\u00e1lfai Zolt\u00e1n (Paffy). F\u0151celebr\u00e1ns: Gyulay Endre p\u00fcsp\u00f6k atya. V\u00e1runk T\u00e9ged is! Hozz d\u00f6nt\u00e9st!<\/p>\n","protected":false},"author":1,"featured_media":1794,"comment_status":"closed","ping_status":"open","sticky":false,"template":"","format":"standard","meta":{"ngg_post_thumbnail":0,"footnotes":""},"categories":[1],"tags":[],"class_list":["post-1793","post","type-post","status-publish","format-standard","has-post-thumbnail","hentry","category-egyeb"],"_links":{"self":[{"href":"https:\/\/ipcszeged.hu\/index.php\/wp-json\/wp\/v2\/posts\/1793","targetHints":{"allow":["GET"]}}],"collection":[{"href":"https:\/\/ipcszeged.hu\/index.php\/wp-json\/wp\/v2\/posts"}],"about":[{"href":"https:\/\/ipcszeged.hu\/index.php\/wp-json\/wp\/v2\/types\/post"}],"author":[{"embeddable":true,"href":"https:\/\/ipcszeged.hu\/index.php\/wp-json\/wp\/v2\/users\/1"}],"replies":[{"embeddable":true,"href":"https:\/\/ipcszeged.hu\/index.php\/wp-json\/wp\/v2\/comments?post=1793"}],"version-history":[{"count":1,"href":"https:\/\/ipcszeged.hu\/index.php\/wp-json\/wp\/v2\/posts\/1793\/revisions"}],"predecessor-version":[{"id":1795,"href":"https:\/\/ipcszeged.hu\/index.php\/wp-json\/wp\/v2\/posts\/1793\/revisions\/1795"}],"wp:featuredmedia":[{"embeddable":true,"href":"https:\/\/ipcszeged.hu\/index.php\/wp-json\/wp\/v2\/media\/1794"}],"wp:attachment":[{"href":"https:\/\/ipcszeged.hu\/index.php\/wp-json\/wp\/v2\/media?parent=1793"}],"wp:term":[{"taxonomy":"category","embeddable":true,"href":"https:\/\/ipcszeged.hu\/index.php\/wp-json\/wp\/v2\/categories?post=1793"},{"taxonomy":"post_tag","embeddable":true,"href":"https:\/\/ipcszeged.hu\/index.php\/wp-json\/wp\/v2\/tags?post=1793"}],"curies":[{"name":"wp","href":"https:\/\/api.w.org\/{rel}","templated":true}]}}