{"id":1789,"date":"2016-09-15T06:45:30","date_gmt":"2016-09-15T06:45:30","guid":{"rendered":"http:\/\/www.ipcszeged.hu\/?p=1789"},"modified":"2016-09-15T06:45:30","modified_gmt":"2016-09-15T06:45:30","slug":"elkotelezted-mar-magad-abban-hogy-jossz-az-idei-gellert-napra","status":"publish","type":"post","link":"https:\/\/ipcszeged.hu\/index.php\/2016\/09\/15\/elkotelezted-mar-magad-abban-hogy-jossz-az-idei-gellert-napra\/","title":{"rendered":"Elk\u00f6telezted m\u00e1r magad abban, hogy j\u00f6ssz az idei Gell\u00e9rt napra????"},"content":{"rendered":"<h4 style=\"text-align: center;\">Az idei \u0151sz legjobb programja: <span style=\"color: #ff0000;\">S<\/span>zent <span style=\"color: #339966;\">G<\/span>ell\u00e9rt <span style=\"color: #0000ff;\">I<\/span>fj\u00fas\u00e1gi <span style=\"color: #ff9900;\">T<\/span>al\u00e1lkoz\u00f3!<\/h4>\n<h4 style=\"text-align: center;\">Hogy mikor? \u00a0 \u00a0 2016. szeptember 24-\u00e9n 8:30-16:00<\/h4>\n<h4 style=\"text-align: center;\">Hogy hol? \u00a0 \u00a0 \u00a0Szegeden az als\u00f3v\u00e1rosi ferences templomban \u00e9s a Karolina iskol\u00e1ban<\/h4>\n<h4 style=\"text-align: center;\">Mi lesz a t\u00e9ma? \u00a0 \u00a0 \u00a0ELK\u00d6TELEZ\u0150D\u00c9S<\/h4>\n<h4 style=\"text-align: center;\">Hogy ki lesz az el\u0151ad\u00f3? \u00a0P\u00e1lfai Zolt\u00e1n &#8211; Paffy Atya<\/h4>\n<h4 style=\"text-align: center;\"><\/h4>\n<h4 style=\"text-align: center;\">K\u00e9rj\u00fck az eb\u00e9d rendel\u00e9s miatt r\u00e9szv\u00e9teli sz\u00e1nd\u00e9kodat jelezd a k\u00f6vetkez\u0151 linken:<\/h4>\n<h4 style=\"text-align: center;\"><a href=\"https:\/\/goo.gl\/forms\/WagRoMMccS1EIifD2\" target=\"_blank\">Regisztr\u00e1lok<\/a><\/h4>\n<h4 style=\"text-align: center;\"><span style=\"color: #ff0000;\">Hogy meddig regisztr\u00e1lhatsz? 2016. szeptember 20.<\/span><\/h4>\n ","protected":false},"excerpt":{"rendered":"<p>Az idei \u0151sz legjobb programja: Szent Gell\u00e9rt Ifj\u00fas\u00e1gi Tal\u00e1lkoz\u00f3! Hogy mikor? \u00a0 \u00a0 2016. szeptember 24-\u00e9n 8:30-16:00 Hogy hol? \u00a0 \u00a0 \u00a0Szegeden az als\u00f3v\u00e1rosi ferences templomban \u00e9s a Karolina iskol\u00e1ban Mi lesz a t\u00e9ma? \u00a0 \u00a0 \u00a0ELK\u00d6TELEZ\u0150D\u00c9S Hogy ki lesz az el\u0151ad\u00f3? \u00a0P\u00e1lfai Zolt\u00e1n &#8211; Paffy Atya K\u00e9rj\u00fck az eb\u00e9d rendel\u00e9s miatt r\u00e9szv\u00e9teli sz\u00e1nd\u00e9kodat jelezd&hellip; <br \/> <a class=\"read-more\" href=\"https:\/\/ipcszeged.hu\/index.php\/2016\/09\/15\/elkotelezted-mar-magad-abban-hogy-jossz-az-idei-gellert-napra\/\">Read more<\/a><\/p>\n","protected":false},"author":1,"featured_media":1790,"comment_status":"closed","ping_status":"open","sticky":false,"template":"","format":"standard","meta":{"ngg_post_thumbnail":0,"footnotes":""},"categories":[1],"tags":[],"class_list":["post-1789","post","type-post","status-publish","format-standard","has-post-thumbnail","hentry","category-egyeb"],"_links":{"self":[{"href":"https:\/\/ipcszeged.hu\/index.php\/wp-json\/wp\/v2\/posts\/1789","targetHints":{"allow":["GET"]}}],"collection":[{"href":"https:\/\/ipcszeged.hu\/index.php\/wp-json\/wp\/v2\/posts"}],"about":[{"href":"https:\/\/ipcszeged.hu\/index.php\/wp-json\/wp\/v2\/types\/post"}],"author":[{"embeddable":true,"href":"https:\/\/ipcszeged.hu\/index.php\/wp-json\/wp\/v2\/users\/1"}],"replies":[{"embeddable":true,"href":"https:\/\/ipcszeged.hu\/index.php\/wp-json\/wp\/v2\/comments?post=1789"}],"version-history":[{"count":1,"href":"https:\/\/ipcszeged.hu\/index.php\/wp-json\/wp\/v2\/posts\/1789\/revisions"}],"predecessor-version":[{"id":1791,"href":"https:\/\/ipcszeged.hu\/index.php\/wp-json\/wp\/v2\/posts\/1789\/revisions\/1791"}],"wp:featuredmedia":[{"embeddable":true,"href":"https:\/\/ipcszeged.hu\/index.php\/wp-json\/wp\/v2\/media\/1790"}],"wp:attachment":[{"href":"https:\/\/ipcszeged.hu\/index.php\/wp-json\/wp\/v2\/media?parent=1789"}],"wp:term":[{"taxonomy":"category","embeddable":true,"href":"https:\/\/ipcszeged.hu\/index.php\/wp-json\/wp\/v2\/categories?post=1789"},{"taxonomy":"post_tag","embeddable":true,"href":"https:\/\/ipcszeged.hu\/index.php\/wp-json\/wp\/v2\/tags?post=1789"}],"curies":[{"name":"wp","href":"https:\/\/api.w.org\/{rel}","templated":true}]}}