{"id":16569,"date":"2020-06-15T13:28:11","date_gmt":"2020-06-15T13:28:11","guid":{"rendered":"http:\/\/www.ipcszeged.hu\/?p=16569"},"modified":"2020-06-15T13:28:12","modified_gmt":"2020-06-15T13:28:12","slug":"felvetelt-hirdet-a-gal-ferenc-foiskola","status":"publish","type":"post","link":"https:\/\/ipcszeged.hu\/index.php\/2020\/06\/15\/felvetelt-hirdet-a-gal-ferenc-foiskola\/","title":{"rendered":"Felv\u00e9telt hirdet a G\u00e1l Ferenc F\u0151iskola!"},"content":{"rendered":"<p style=\"text-align: justify;\"><strong>Id\u00e9n is felv\u00e9telt hirdetett a&nbsp;<a href=\"http:\/\/gff-szeged.hu\/\" target=\"_blank\" rel=\"noopener noreferrer\">G\u00e1l Ferenc F\u0151iskola<\/a>, amely augusztust\u00f3l imm\u00e1ron egyetemk\u00e9nt v\u00e1rja az \u00e9rdekl\u0151d\u0151 fiatalokat!&nbsp;<\/strong><strong>A szegedi sz\u00e9khely\u0171 Teol\u00f3giai Karra most lehet jelentkezni, \u00edgy amennyiben van olyan \u00e9rdekl\u0151d\u0151, aki a k\u00e9s\u0151bbiekben sz\u00edvesen vezetn\u00e9 J\u00e9zushoz a fiatalokat hitoktat\u00e1s keret\u00e9ben, sz\u00e1mukra ez egy remek lehet\u0151s\u00e9g!<\/strong><\/p>\n<p style=\"text-align: justify;\">2020. j\u00falius 9-ig minden felv\u00e9teliz\u0151 alak\u00edthatja a&nbsp;<a href=\"https:\/\/www.felvi.hu\/felveteli\/jelentkezes\/aktualis\/20A_eugyintezes\" target=\"_blank\" rel=\"noopener noreferrer\">felvi.hu-n<\/a>&nbsp;megadott jelentkez\u00e9si sorrendj\u00e9t, hogy hova jelentkezik els\u0151 helyen \u00e9s hova a tov\u00e1bbiakban, \u00edgy aki nem els\u0151 helyen jel\u00f6lte meg az int\u00e9zm\u00e9nyt, az m\u00e9g v\u00e1ltoztathat: sz\u00e1m\u00e1ra is&nbsp;<strong>lehet els\u0151 helyen a GFF<\/strong>!<\/p>\n<p style=\"text-align: justify;\"><strong>A hit\u00e9leti szakokra most kell&nbsp;<a href=\"http:\/\/gff-szeged.hu\/hiteleti_felveteli_2020_nyar\" target=\"_blank\" rel=\"noopener noreferrer\">jelentkezni,<\/a>&nbsp;<\/strong><strong>ami \u00e9rint \u00e9retts\u00e9gizetteket \u00e9s m\u00e1s alapdiplom\u00e1sokat is.<\/strong><\/p>\n<p style=\"text-align: justify;\">Mi\u00e9rt aj\u00e1nlj\u00e1k a hit\u00e9leti szakokat? K\u00f6zvetlen a jelentkez\u00e9s, bels\u0151 alkalmass\u00e1gi felv\u00e9teli lesz, nem kell emelt szint\u0171 \u00e9retts\u00e9gi \u00e9s nyelvvizsga, az osztott (4-6 f\u00e9l\u00e9ves) MA-hoz b\u00e1rmilyen alapdiploma megfelel. V\u00e1rj\u00e1k azokat is, akik most vett\u00e9k \u00e1t oklevel\u00fcket nyelvvizsga al\u00f3li felment\u00e9ssel, most MA diplom\u00e1t is szerezhetnek!<br>Mit ad az int\u00e9zm\u00e9ny? \u00c1llami \u00f6szt\u00f6nd\u00edjas vagy alacsony d\u00edjas k\u00e9pz\u00e9seket, k\u00fclf\u00f6ldi \u00f6szt\u00f6nd\u00edjakat, kereszt\u00e9ny k\u00f6z\u00f6ss\u00e9get, ahol szem\u00e9lyes vezet\u00e9s, nyelvtanul\u00e1s, nyelvvizsga lehet\u0151s\u00e9ge v\u00e1rja a kereszt\u00e9ny fiatalokat \u00e9s diplom\u00e1sokat! A&nbsp;<strong>szegedi<\/strong>&nbsp;Teol\u00f3giai Kar mellett&nbsp;<strong>Szarvason<\/strong>,&nbsp;<strong>B\u00e9k\u00e9scsab\u00e1n<\/strong>&nbsp;\u00e9s&nbsp;<strong>Gyul\u00e1n<\/strong>&nbsp;is ind\u00edtanak \u00e1llamilag elismert diplom\u00e1t ad\u00f3&nbsp;<strong>teol\u00f3gia, katek\u00e9ta, hittan\u00e1r-nevel\u0151tan\u00e1r, karit\u00e1sz, egyh\u00e1zt\u00f6rt\u00e9net BA \u00e9s MA szakokat.<\/strong><\/p>\n<p style=\"text-align: justify;\"><strong>Szakir\u00e1ny\u00fa tov\u00e1bbk\u00e9pz\u00e9seikre is lehet m\u00e9g&nbsp;<a href=\"http:\/\/gff-szeged.hu\/gff_szakiranyu_tovabbkepzesek_2020\" target=\"_blank\" rel=\"noopener noreferrer\">jelentkezni<\/a>!<\/strong><\/p>\n<p style=\"text-align: justify;\">Ment\u00e1lhigi\u00e9n\u00e9s k\u00e9pz\u00e9s\u00fcnk b\u00e1rkinek, pedag\u00f3gus tov\u00e1bbk\u00e9pz\u00e9sek szakvizsg\u00e1jukra k\u00e9sz\u00fcl\u0151knek hasznosak. V\u00e1rj\u00e1k a k\u00f6znevel\u00e9s mellett a szakszolg\u00e1latokn\u00e1l dolgoz\u00f3 diplom\u00e1sokat is! Elm\u00e9ly\u00fclt ismeretek, hasznos tud\u00e1s, kiv\u00e1l\u00f3 oktat\u00f3k, m\u00e9rs\u00e9kelt k\u00f6lts\u00e9g, t\u00e1mogat\u00f3 k\u00f6rnyezet, \u00f6sszetart\u00f3 k\u00f6z\u00f6ss\u00e9g v\u00e1rja a jelentkez\u0151ket.<\/p>\n<p style=\"text-align: justify;\">&nbsp;<\/p>\n<p style=\"text-align: justify;\">Amennyiben van olyan fiatal, \u00e9rdekl\u0151d\u0151 a k\u00f6reinkben, aki a k\u00e9s\u0151bbiekben sz\u00edvesen vezetn\u00e9 J\u00e9zushoz a fiatalokat hitoktat\u00e1s keret\u00e9ben, sz\u00e1mukra ez egy remek lehet\u0151s\u00e9g, b\u00e1tran tov\u00e1bb\u00edtsuk Nekik!<\/p>\n\n\n<figure class=\"wp-block-embed-youtube wp-block-embed is-type-video is-provider-youtube wp-embed-aspect-16-9 wp-has-aspect-ratio\"><div class=\"wp-block-embed__wrapper\">\n<div class='embed-container'><iframe loading=\"lazy\" title=\"Legy\u00e9l Te is G\u00e1l Ferences!\" width=\"1920\" height=\"1080\" src=\"https:\/\/www.youtube.com\/embed\/OkexiVoHxFM?feature=oembed\" frameborder=\"0\" allow=\"accelerometer; autoplay; encrypted-media; gyroscope; picture-in-picture\" allowfullscreen><\/iframe><\/div>\n<\/div><\/figure>\n ","protected":false},"excerpt":{"rendered":"<p>Id\u00e9n is felv\u00e9telt hirdetett a&nbsp;G\u00e1l Ferenc F\u0151iskola, amely augusztust\u00f3l imm\u00e1ron egyetemk\u00e9nt v\u00e1rja az \u00e9rdekl\u0151d\u0151 fiatalokat!&nbsp;A szegedi sz\u00e9khely\u0171 Teol\u00f3giai Karra most lehet jelentkezni, \u00edgy amennyiben van olyan \u00e9rdekl\u0151d\u0151, aki a k\u00e9s\u0151bbiekben sz\u00edvesen vezetn\u00e9 J\u00e9zushoz a fiatalokat hitoktat\u00e1s keret\u00e9ben, sz\u00e1mukra ez egy remek lehet\u0151s\u00e9g! 2020. j\u00falius 9-ig minden felv\u00e9teliz\u0151 alak\u00edthatja a&nbsp;felvi.hu-n&nbsp;megadott jelentkez\u00e9si sorrendj\u00e9t, hogy hova jelentkezik els\u0151&hellip; <br \/> <a class=\"read-more\" href=\"https:\/\/ipcszeged.hu\/index.php\/2020\/06\/15\/felvetelt-hirdet-a-gal-ferenc-foiskola\/\">Read more<\/a><\/p>\n","protected":false},"author":1,"featured_media":16571,"comment_status":"closed","ping_status":"open","sticky":false,"template":"","format":"standard","meta":{"ngg_post_thumbnail":0,"footnotes":""},"categories":[1],"tags":[],"class_list":["post-16569","post","type-post","status-publish","format-standard","has-post-thumbnail","hentry","category-egyeb"],"_links":{"self":[{"href":"https:\/\/ipcszeged.hu\/index.php\/wp-json\/wp\/v2\/posts\/16569","targetHints":{"allow":["GET"]}}],"collection":[{"href":"https:\/\/ipcszeged.hu\/index.php\/wp-json\/wp\/v2\/posts"}],"about":[{"href":"https:\/\/ipcszeged.hu\/index.php\/wp-json\/wp\/v2\/types\/post"}],"author":[{"embeddable":true,"href":"https:\/\/ipcszeged.hu\/index.php\/wp-json\/wp\/v2\/users\/1"}],"replies":[{"embeddable":true,"href":"https:\/\/ipcszeged.hu\/index.php\/wp-json\/wp\/v2\/comments?post=16569"}],"version-history":[{"count":1,"href":"https:\/\/ipcszeged.hu\/index.php\/wp-json\/wp\/v2\/posts\/16569\/revisions"}],"predecessor-version":[{"id":16572,"href":"https:\/\/ipcszeged.hu\/index.php\/wp-json\/wp\/v2\/posts\/16569\/revisions\/16572"}],"wp:featuredmedia":[{"embeddable":true,"href":"https:\/\/ipcszeged.hu\/index.php\/wp-json\/wp\/v2\/media\/16571"}],"wp:attachment":[{"href":"https:\/\/ipcszeged.hu\/index.php\/wp-json\/wp\/v2\/media?parent=16569"}],"wp:term":[{"taxonomy":"category","embeddable":true,"href":"https:\/\/ipcszeged.hu\/index.php\/wp-json\/wp\/v2\/categories?post=16569"},{"taxonomy":"post_tag","embeddable":true,"href":"https:\/\/ipcszeged.hu\/index.php\/wp-json\/wp\/v2\/tags?post=16569"}],"curies":[{"name":"wp","href":"https:\/\/api.w.org\/{rel}","templated":true}]}}