{"id":16546,"date":"2020-05-26T20:40:54","date_gmt":"2020-05-26T20:40:54","guid":{"rendered":"http:\/\/www.ipcszeged.hu\/?p=16546"},"modified":"2020-05-26T20:40:55","modified_gmt":"2020-05-26T20:40:55","slug":"uzenj-biztatot-halo-kozossegi-es-kulturalis-kozpont-felhivasa","status":"publish","type":"post","link":"https:\/\/ipcszeged.hu\/index.php\/2020\/05\/26\/uzenj-biztatot-halo-kozossegi-es-kulturalis-kozpont-felhivasa\/","title":{"rendered":"\u00dczenj B\u00edztat\u00f3t &#8211; H\u00e1l\u00f3 K\u00f6z\u00f6ss\u00e9gi \u00e9s Kult\u00far\u00e1lis K\u00f6zpont felh\u00edv\u00e1sa"},"content":{"rendered":"<p><a class=\"_58cn\" href=\"https:\/\/www.facebook.com\/hashtag\/%C3%BCzenjbiztat%C3%B3t?epa=HASHTAG\" data-ft=\"{&quot;type&quot;:104,&quot;tn&quot;:&quot;*N&quot;}\">#\u00fczenjbiztat\u00f3t<\/a><br>Harmadik \u00e9vben hirdeti meg a H\u00e1l\u00f3 a felh\u00edv\u00e1s\u00e1t, amely a trianoni sz\u00e9tszak\u00edt\u00e1s 100. \u00e9vfordul\u00f3j\u00e1n k\u00fcl\u00f6n\u00f6sen fontos. A kapcsolat nem ismer hat\u00e1rokat! Tegy\u00fcnk \u00e9rte mi is! R\u00e9szletek a honlapon:&nbsp;<a href=\"https:\/\/halo.hu\/1155?fbclid=IwAR17O7pxqOuxxNEjJCMy0j_IxZfcQd5wvYefewfNOd8N5tqhF0J6mKr_IYQ\" target=\"_blank\" rel=\"nofollow noopener noreferrer\" data-lynx-mode=\"asynclazy\" data-lynx-uri=\"https:\/\/l.facebook.com\/l.php?u=https%3A%2F%2Fhalo.hu%2F1155%3Ffbclid%3DIwAR17O7pxqOuxxNEjJCMy0j_IxZfcQd5wvYefewfNOd8N5tqhF0J6mKr_IYQ&amp;h=AT19ENv-p7l2zQcxEjN3SzAXj4rn2gBwwIJVPePIodbJbbt7SNflJBLHeme4iOE1UBiGdSWyyd5M-QXHsJ0hPZx4Qj0y4OE7aFGKEFcwuzIj-tIBqa2Nrq9pjSFZRq5cDuzhEyNeug\">https:\/\/halo.hu\/1155<\/a>&nbsp;\u00e9s az FB esem\u00e9nyben:&nbsp;<a href=\"https:\/\/www.facebook.com\/events\/2908764159191479\/?acontext=%7B%22action_history%22%3A%22null%22%7D&amp;__tn__=%2CdK%2AF-R&amp;eid=ARBPL-Dex5YhVybdJd5BLxGirHz8TLDb_OU2aGWVTE0vAJRCZfgHdUbbNZVPcV__KT_nWQnenxcrEJJ0\" data-hovercard=\"\/ajax\/hovercard\/event.php?id=2908764159191479&amp;extragetparams=%7B%22__tn__%22%3A%22%2CdK%2AF-R%22%2C%22eid%22%3A%22ARBPL-Dex5YhVybdJd5BLxGirHz8TLDb_OU2aGWVTE0vAJRCZfgHdUbbNZVPcV__KT_nWQnenxcrEJJ0%22%2C%22directed_target_id%22%3Anull%2C%22groups_location%22%3Anull%7D\" data-hovercard-prefer-more-content-show=\"1\">Felh\u00edv\u00e1s a Nemzeti \u00d6sszetartoz\u00e1s Napj\u00e1ra<\/a>&nbsp;<a href=\"https:\/\/www.facebook.com\/events\/2908764159191479\" rel=\"nofollow\">https:\/\/www.facebook.com\/<wbr>events\/2908764159191479<\/a><br>Oszd meg, h\u00edvd meg \u00e9s h\u00edvd fel k\u00fclhoni ismer\u0151seidet, bar\u00e1taidat! Seg\u00edts, hogy ez a felh\u00edv\u00e1s min\u00e9l t\u00f6bb magyar emberhez eljusson! V\u00e1rjuk civil szervezetek csatlakoz\u00e1s\u00e1t. \u00d6r\u00f6mmel fogadjuk, a tapasztalatokat, visszajelz\u00e9seket a fenti esem\u00e9ny besz\u00e9lget\u00e9s rovat\u00e1ban, vagy a trianon@halo.hu c\u00edmen<\/p>\n\n\n<figure class=\"wp-block-image size-large\"><img loading=\"lazy\" decoding=\"async\" width=\"1316\" height=\"1861\" src=\"http:\/\/www.ipcszeged.hu\/wp-content\/uploads\/2020\/05\/100062070_3317899971576278_4234677813568864256_o.jpg\" alt=\"\" class=\"wp-image-16548\" srcset=\"https:\/\/ipcszeged.hu\/wp-content\/uploads\/2020\/05\/100062070_3317899971576278_4234677813568864256_o.jpg 1316w, https:\/\/ipcszeged.hu\/wp-content\/uploads\/2020\/05\/100062070_3317899971576278_4234677813568864256_o-212x300.jpg 212w, https:\/\/ipcszeged.hu\/wp-content\/uploads\/2020\/05\/100062070_3317899971576278_4234677813568864256_o-106x150.jpg 106w, https:\/\/ipcszeged.hu\/wp-content\/uploads\/2020\/05\/100062070_3317899971576278_4234677813568864256_o-768x1086.jpg 768w, https:\/\/ipcszeged.hu\/wp-content\/uploads\/2020\/05\/100062070_3317899971576278_4234677813568864256_o-1086x1536.jpg 1086w, https:\/\/ipcszeged.hu\/wp-content\/uploads\/2020\/05\/100062070_3317899971576278_4234677813568864256_o-1024x1448.jpg 1024w, https:\/\/ipcszeged.hu\/wp-content\/uploads\/2020\/05\/100062070_3317899971576278_4234677813568864256_o-764x1080.jpg 764w\" sizes=\"auto, (max-width: 1316px) 100vw, 1316px\" \/><\/figure>\n ","protected":false},"excerpt":{"rendered":"<p>#\u00fczenjbiztat\u00f3tHarmadik \u00e9vben hirdeti meg a H\u00e1l\u00f3 a felh\u00edv\u00e1s\u00e1t, amely a trianoni sz\u00e9tszak\u00edt\u00e1s 100. \u00e9vfordul\u00f3j\u00e1n k\u00fcl\u00f6n\u00f6sen fontos. A kapcsolat nem ismer hat\u00e1rokat! Tegy\u00fcnk \u00e9rte mi is! R\u00e9szletek a honlapon:&nbsp;https:\/\/halo.hu\/1155&nbsp;\u00e9s az FB esem\u00e9nyben:&nbsp;Felh\u00edv\u00e1s a Nemzeti \u00d6sszetartoz\u00e1s Napj\u00e1ra&nbsp;https:\/\/www.facebook.com\/events\/2908764159191479Oszd meg, h\u00edvd meg \u00e9s h\u00edvd fel k\u00fclhoni ismer\u0151seidet, bar\u00e1taidat! Seg\u00edts, hogy ez a felh\u00edv\u00e1s min\u00e9l t\u00f6bb magyar emberhez eljusson! V\u00e1rjuk&hellip; <br \/> <a class=\"read-more\" href=\"https:\/\/ipcszeged.hu\/index.php\/2020\/05\/26\/uzenj-biztatot-halo-kozossegi-es-kulturalis-kozpont-felhivasa\/\">Read more<\/a><\/p>\n","protected":false},"author":1,"featured_media":16548,"comment_status":"closed","ping_status":"open","sticky":false,"template":"","format":"standard","meta":{"ngg_post_thumbnail":0,"footnotes":""},"categories":[1],"tags":[],"class_list":["post-16546","post","type-post","status-publish","format-standard","has-post-thumbnail","hentry","category-egyeb"],"_links":{"self":[{"href":"https:\/\/ipcszeged.hu\/index.php\/wp-json\/wp\/v2\/posts\/16546","targetHints":{"allow":["GET"]}}],"collection":[{"href":"https:\/\/ipcszeged.hu\/index.php\/wp-json\/wp\/v2\/posts"}],"about":[{"href":"https:\/\/ipcszeged.hu\/index.php\/wp-json\/wp\/v2\/types\/post"}],"author":[{"embeddable":true,"href":"https:\/\/ipcszeged.hu\/index.php\/wp-json\/wp\/v2\/users\/1"}],"replies":[{"embeddable":true,"href":"https:\/\/ipcszeged.hu\/index.php\/wp-json\/wp\/v2\/comments?post=16546"}],"version-history":[{"count":1,"href":"https:\/\/ipcszeged.hu\/index.php\/wp-json\/wp\/v2\/posts\/16546\/revisions"}],"predecessor-version":[{"id":16549,"href":"https:\/\/ipcszeged.hu\/index.php\/wp-json\/wp\/v2\/posts\/16546\/revisions\/16549"}],"wp:featuredmedia":[{"embeddable":true,"href":"https:\/\/ipcszeged.hu\/index.php\/wp-json\/wp\/v2\/media\/16548"}],"wp:attachment":[{"href":"https:\/\/ipcszeged.hu\/index.php\/wp-json\/wp\/v2\/media?parent=16546"}],"wp:term":[{"taxonomy":"category","embeddable":true,"href":"https:\/\/ipcszeged.hu\/index.php\/wp-json\/wp\/v2\/categories?post=16546"},{"taxonomy":"post_tag","embeddable":true,"href":"https:\/\/ipcszeged.hu\/index.php\/wp-json\/wp\/v2\/tags?post=16546"}],"curies":[{"name":"wp","href":"https:\/\/api.w.org\/{rel}","templated":true}]}}