{"id":16453,"date":"2020-03-04T11:21:54","date_gmt":"2020-03-04T11:21:54","guid":{"rendered":"http:\/\/www.ipcszeged.hu\/?p=16453"},"modified":"2020-03-04T11:21:55","modified_gmt":"2020-03-04T11:21:55","slug":"racsodalkoztal-mar-teremtett-vilagunk-ertekeire-tvt2020","status":"publish","type":"post","link":"https:\/\/ipcszeged.hu\/index.php\/2020\/03\/04\/racsodalkoztal-mar-teremtett-vilagunk-ertekeire-tvt2020\/","title":{"rendered":"R\u00e1csod\u00e1lkozt\u00e1l m\u00e1r teremtett vil\u00e1gunk \u00e9rt\u00e9keire? &#8211; TVT&#8217;2020"},"content":{"rendered":"\n<h4 class=\"has-text-align-center wp-block-heading\">Az el\u0151z\u0151 \u00e9vekhez hasonl\u00f3an id\u00e9n is megrendez\u00e9sre ker\u00fcl a Tesz-Vesz Tavasz.<br>Jelentkezni az al\u00e1bbi linken tudsz pl\u00e9b\u00e1niai ifj\u00fas\u00e1gi csoportoddal vagy oszt\u00e1lyoddal&nbsp;<br><a href=\"https:\/\/l.facebook.com\/l.php?u=https%3A%2F%2Fforms.gle%2FpJxwq1QNzBjTpo7A6%3Ffbclid%3DIwAR2KPrkXOcT4hPLWLi9MK6J5C26oyqBUS9hnlvIc5fDgOakFgyBWsEtwn-Q&amp;h=AT0_8rymfAZQvV1U4WYvlaPtMcthwl6gm_IZRWWw0_v4Nwa3hvv6o8jeSAWbK5B0sBxAVIsFgI1CTqBUYK1LhR1K9NpaTBEfrLzNFm2x0cxM1sVNlhsBA4EL5uArNtb5hPFINvYeqZtMICYgIhowHgW2WgxABm8MV4_w72rMN_20AwKhfJI6k1WTWDZ7VXQx5j5ritqv4M8X9LSr3tEL12D11h7Y2nsVAfamr4u6Llm0g4eYe4K18kXM5omQ4jqtB8Sq9bAuM1pck9g6pS7mvc3EHn9pDshZDpGfdrC5j20Bd-v_fYryvzNYbMlp2Vw9WERGbR3s8kdfzIXmDMpeX4buK7jfI5LtRAUUGRn8heo-tbl24Jt_e48rhV92mnRLI0U--A1zmZ0FOnu03qmmHLHFkkExfMb3w3WcYenyumSPimSLAf5VUrp_wqLyCpy7zS0d70pwgeKfc5gVi0X8zqVfpGD4IW3THDPhL-I46YW-wzDdnYVVg_olVfpSSjm-vi3tLiHy5R9w4N-2o6noZGKJopHrxSMG-SitM2WXQbuKLwcgmrI7lHzPYs54FdFJHa7tsXRuX2nsPMFzggcVrPoka3gWP8wGwz5yE5pA3Iy6mayz0oDLqKl8vG79EUvx8I0\" target=\"_blank\" rel=\"noreferrer noopener\">https:\/\/forms.gle\/pJxwq1QNzBjTpo7A6<\/a><\/h4>\n\n\n\n<h4 class=\"has-text-align-center wp-block-heading\">Jelentkez\u00e9si hat\u00e1rid\u0151 2020. m\u00e1rcius 22.<\/h4>\n\n\n\n<figure class=\"wp-block-gallery aligncenter columns-1 is-cropped wp-block-gallery-1 is-layout-flex wp-block-gallery-is-layout-flex\"><ul class=\"blocks-gallery-grid\"><li class=\"blocks-gallery-item\"><figure><img loading=\"lazy\" decoding=\"async\" width=\"1587\" height=\"2245\" src=\"http:\/\/www.ipcszeged.hu\/wp-content\/uploads\/2020\/03\/Tesz-Vesz-Tavasz.jpg\" alt=\"\" data-id=\"16454\" data-full-url=\"http:\/\/www.ipcszeged.hu\/wp-content\/uploads\/2020\/03\/Tesz-Vesz-Tavasz.jpg\" data-link=\"http:\/\/www.ipcszeged.hu\/?attachment_id=16454\" class=\"wp-image-16454\" srcset=\"https:\/\/ipcszeged.hu\/wp-content\/uploads\/2020\/03\/Tesz-Vesz-Tavasz.jpg 1587w, https:\/\/ipcszeged.hu\/wp-content\/uploads\/2020\/03\/Tesz-Vesz-Tavasz-212x300.jpg 212w, https:\/\/ipcszeged.hu\/wp-content\/uploads\/2020\/03\/Tesz-Vesz-Tavasz-106x150.jpg 106w, https:\/\/ipcszeged.hu\/wp-content\/uploads\/2020\/03\/Tesz-Vesz-Tavasz-768x1086.jpg 768w, https:\/\/ipcszeged.hu\/wp-content\/uploads\/2020\/03\/Tesz-Vesz-Tavasz-1086x1536.jpg 1086w, https:\/\/ipcszeged.hu\/wp-content\/uploads\/2020\/03\/Tesz-Vesz-Tavasz-1448x2048.jpg 1448w, https:\/\/ipcszeged.hu\/wp-content\/uploads\/2020\/03\/Tesz-Vesz-Tavasz-1024x1449.jpg 1024w, https:\/\/ipcszeged.hu\/wp-content\/uploads\/2020\/03\/Tesz-Vesz-Tavasz-763x1080.jpg 763w\" sizes=\"auto, (max-width: 1587px) 100vw, 1587px\" \/><\/figure><\/li><\/ul><\/figure>\n\n\n\n<p class=\"has-text-align-center\"><strong>Jelentkezz, mert tenni j\u00f3\u00a0<\/strong><\/p>\n\n\n\n<p>Ha csoportoddal csatlakoztok a programhoz, k\u00e9rlek a projekt elv\u00e9gz\u00e9s\u00e9t k\u00f6vet\u0151en k\u00fcldjetek n\u00e9h\u00e1ny fot\u00f3t az&nbsp;<a href=\"http:\/\/www.ipcszeged.hu\/index.php\/tvt2020\/ipc.szeged@gmail.com\">ipc.szeged@gmail.com<\/a>&nbsp;c\u00edmre a csoportvezet\u0151 nev\u00e9vel \u00e9s a telep\u00fcl\u00e9s megnevez\u00e9s\u00e9vel.<\/p>\n ","protected":false},"excerpt":{"rendered":"<p>Az el\u0151z\u0151 \u00e9vekhez hasonl\u00f3an id\u00e9n is megrendez\u00e9sre ker\u00fcl a Tesz-Vesz Tavasz.Jelentkezni az al\u00e1bbi linken tudsz pl\u00e9b\u00e1niai ifj\u00fas\u00e1gi csoportoddal vagy oszt\u00e1lyoddal&nbsp;https:\/\/forms.gle\/pJxwq1QNzBjTpo7A6 Jelentkez\u00e9si hat\u00e1rid\u0151 2020. m\u00e1rcius 22. Jelentkezz, mert tenni j\u00f3\u00a0 Ha csoportoddal csatlakoztok a programhoz, k\u00e9rlek a projekt elv\u00e9gz\u00e9s\u00e9t k\u00f6vet\u0151en k\u00fcldjetek n\u00e9h\u00e1ny fot\u00f3t az&nbsp;ipc.szeged@gmail.com&nbsp;c\u00edmre a csoportvezet\u0151 nev\u00e9vel \u00e9s a telep\u00fcl\u00e9s megnevez\u00e9s\u00e9vel.<\/p>\n","protected":false},"author":1,"featured_media":16454,"comment_status":"closed","ping_status":"open","sticky":false,"template":"","format":"standard","meta":{"ngg_post_thumbnail":0,"footnotes":""},"categories":[1],"tags":[],"class_list":["post-16453","post","type-post","status-publish","format-standard","has-post-thumbnail","hentry","category-egyeb"],"_links":{"self":[{"href":"https:\/\/ipcszeged.hu\/index.php\/wp-json\/wp\/v2\/posts\/16453","targetHints":{"allow":["GET"]}}],"collection":[{"href":"https:\/\/ipcszeged.hu\/index.php\/wp-json\/wp\/v2\/posts"}],"about":[{"href":"https:\/\/ipcszeged.hu\/index.php\/wp-json\/wp\/v2\/types\/post"}],"author":[{"embeddable":true,"href":"https:\/\/ipcszeged.hu\/index.php\/wp-json\/wp\/v2\/users\/1"}],"replies":[{"embeddable":true,"href":"https:\/\/ipcszeged.hu\/index.php\/wp-json\/wp\/v2\/comments?post=16453"}],"version-history":[{"count":1,"href":"https:\/\/ipcszeged.hu\/index.php\/wp-json\/wp\/v2\/posts\/16453\/revisions"}],"predecessor-version":[{"id":16455,"href":"https:\/\/ipcszeged.hu\/index.php\/wp-json\/wp\/v2\/posts\/16453\/revisions\/16455"}],"wp:featuredmedia":[{"embeddable":true,"href":"https:\/\/ipcszeged.hu\/index.php\/wp-json\/wp\/v2\/media\/16454"}],"wp:attachment":[{"href":"https:\/\/ipcszeged.hu\/index.php\/wp-json\/wp\/v2\/media?parent=16453"}],"wp:term":[{"taxonomy":"category","embeddable":true,"href":"https:\/\/ipcszeged.hu\/index.php\/wp-json\/wp\/v2\/categories?post=16453"},{"taxonomy":"post_tag","embeddable":true,"href":"https:\/\/ipcszeged.hu\/index.php\/wp-json\/wp\/v2\/tags?post=16453"}],"curies":[{"name":"wp","href":"https:\/\/api.w.org\/{rel}","templated":true}]}}